{"id":505,"date":"2022-11-01T16:09:20","date_gmt":"2022-11-01T14:09:20","guid":{"rendered":"https:\/\/matkaliit.ee\/?p=505"},"modified":"2022-11-25T10:30:49","modified_gmt":"2022-11-25T08:30:49","slug":"eesti-matkajate-kokkutulek-2022","status":"publish","type":"post","link":"https:\/\/matkaliit.ee\/en\/eesti-matkajate-kokkutulek-2022\/","title":{"rendered":"Eesti matkajate kokkutulek 2022"},"content":{"rendered":"<p>Eesti matkajate kokkutulek toimub sel aastal nagu see on toimunud varasemalt &#8211; kaks p\u00e4eva p\u00f5nevaid ettekandeid ja \u00f5htul pidu.<\/p>\n<p>Seekord siis 26. ja 27. novembril J\u00e4neda K\u00fclalisemajas.<\/p>\n<p><a href=\"https:\/\/kaart.delfi.ee\/?bookmark=b430f0b3e1361cd002961baa97838fe0\" target=\"_blank\" rel=\"noopener noreferrer\" data-saferedirecturl=\"https:\/\/www.google.com\/url?q=https:\/\/kaart.delfi.ee?bookmark%3Db430f0b3e1361cd002961baa97838fe0&amp;source=gmail&amp;ust=1669448040923000&amp;usg=AOvVaw1AWcaUIgnNuvezU56gdmjS\">https:\/\/kaart.delfi.ee?bookmar<wbr \/>k=b430f0b3e1361cd002961baa9783<wbr \/>8fe0<\/a><\/p>\n<p>Punane- k\u00fclalistemaja<br \/>\nSinine- parkla<br \/>\nRoosa- suur saal<br \/>\nRoosa- Musta T\u00e4ku Tall<\/p>\n<p>&nbsp;<\/p>\n<p>Programm algab laup\u00e4eval kell 10 ja r\u00e4\u00e4kima on oodatud ka paljud selle aasta matkategijate nominendid.<\/p>\n<p>L\u00f5una ajal pikem sirutuspaus ja \u00f5htul esineb b\u00e4nd Palavik\u00a0 <a href=\"https:\/\/youtu.be\/cZz6ijcaa5I\">https:\/\/youtu.be\/cZz6ijcaa5I<\/a><\/p>\n<p>\u00d6\u00f6bimine k\u00fclalistemajas, k\u00f5ik toad on kahesed. Loomulikult saavad soovijad ka telkida. Kohale saab tulla juba reedel.<\/p>\n<p><strong><span style=\"color: #ff0000;\">KOKKUTULEKULE REGISTREERUMINE ON L\u00d5PPENUD!!<\/span><\/strong><\/p>\n<p>&nbsp;<\/p>\n<p><strong>Kuhu osalustasu kanda?<\/strong><\/p>\n<p>Eesti Matkaliit EE411010052032018008 SEB Pank<\/p>\n<p>&nbsp;<\/p>\n<p><strong>Programmist ka<\/strong><\/p>\n<p><a href=\"https:\/\/matkaliit.ee\/wp-content\/uploads\/2022\/11\/Eesti-matkajate-kokkutuleku-kava-2022.pdf\" target=\"_blank\" rel=\"noopener\">PDF kujul SIIN<\/a><\/p>\n<p>&nbsp;<\/p>\n<p><b>Laup\u00e4ev, 26. november 2022<\/b><\/p>\n<p><span style=\"font-weight: 400;\">10.00 Registreerumine<\/span><\/p>\n<p><span style=\"font-weight: 400;\">10.30 &#8211; 10.40 Kokkutuleku avamine<\/span><\/p>\n<p><span style=\"font-weight: 400;\">11.40 &#8211; 11.10<\/span> <span style=\"font-weight: 400;\">Video legendaarse seikleja Enn K\u00e4issi m\u00e4lestuseks<\/span><\/p>\n<p><span style=\"font-weight: 400;\">11.10 &#8211; 11.40 <\/span><span style=\"font-weight: 400;\">Viljandi valla lasteaed P\u00e4ikesekiir &#8211; \u00d5hinaga matkale<\/span><\/p>\n<p><span style=\"font-weight: 400;\">11.40 &#8211; 12.10 Silver Eensaar &#8211;\u00a0 <\/span><span style=\"font-weight: 400;\">Seiklusspordi maailmasarja osav\u00f5istluse korraldamisest Eestis\u00a0<\/span><\/p>\n<p><span style=\"font-weight: 400;\">12.10-12.30 <\/span><span style=\"font-weight: 400;\">Ingrid Kuligina &#8211; Matkatreeneri kutse h\u00fcvedest<\/span><\/p>\n<p>&nbsp;<\/p>\n<p><span style=\"font-weight: 400;\">12.30-13.00 Kohvipaus\u00a0<\/span><\/p>\n<p>&nbsp;<\/p>\n<p><span style=\"font-weight: 400;\">13.00- 13.30 <\/span><span style=\"font-weight: 400;\">Liisi Kasuk &#8211; Kuidas Firni naised Fani m\u00e4gedes k\u00e4isid<\/span><\/p>\n<p><span style=\"font-weight: 400;\">13.30 &#8211; 14.00 <\/span><span style=\"font-weight: 400;\">Stiina Kristal &#8211; Ebatavalistest pikamaamatkadest<\/span><\/p>\n<p><span style=\"font-weight: 400;\">14.00-14.30 <\/span><span style=\"font-weight: 400;\">Janika Tamm &#8211; Viis kuud matkal &#8211; Pacific Crest Trail<\/span><\/p>\n<p>&nbsp;<\/p>\n<p><span style=\"font-weight: 400;\">14.30-15.00 l\u00f5una v\u00e4ljas Tactical matkatoiduga (lusikas kaasa!)<\/span><\/p>\n<p><span style=\"font-weight: 400;\">15.00-18.00 Aktiivne tegevus v\u00e4ljas (pealambid kaasa!)\u00a0<\/span><\/p>\n<p>&nbsp;<\/p>\n<p><span style=\"font-weight: 400;\">18.00-19.00 \u00d5htus\u00f6\u00f6k\u00a0<\/span><\/p>\n<p>&nbsp;<\/p>\n<p><span style=\"font-weight: 400;\">19.00-19.30 <\/span><span style=\"font-weight: 400;\">Fred Viidul ja Katrin Merisalu &#8211; Denali<\/span><\/p>\n<p><span style=\"font-weight: 400;\">19.30-20.00<\/span> <span style=\"font-weight: 400;\">Ain R\u00e4sta &#8211; Gasherbrum II<\/span><\/p>\n<p><span style=\"font-weight: 400;\">20.00 &#8211; 20.30 <\/span><span style=\"font-weight: 400;\">Marie Saame &#8211; Broad Peak (veebis)<\/span><\/p>\n<p>&nbsp;<\/p>\n<p><span style=\"font-weight: 400;\">20.30-21.00 aasta tegijate v\u00e4ljakuulutamine.<\/span><\/p>\n<p>10.00 &#8211; 22.00 Paralleelselt ettekannetega toimub matkat\u00e4ika<\/p>\n<p><span style=\"font-weight: 400;\">T\u00e4ikal kohtumine m\u00fc\u00fcjatega, suurel ekraanil Valgele m\u00e4ele\u00a0\u00a0<\/span><\/p>\n<p><span style=\"font-weight: 400;\">22.00 B\u00e4nd Palavik Musta T\u00e4ku Tallis<\/span><\/p>\n<p>&nbsp;<\/p>\n<p><b>P\u00fchap\u00e4ev, 27. november 2022\u00a0<\/b><\/p>\n<p><span style=\"font-weight: 400;\">07.00-10.00 Hommikus\u00f6\u00f6k<\/span><\/p>\n<p><span style=\"font-weight: 400;\">10.00 &#8211; 10.45<\/span><span style=\"font-weight: 400;\"> Joel Juht &#8211; Arctic Ultra\u00a0<\/span><\/p>\n<p><span style=\"font-weight: 400;\">10.45 &#8211; 11.15 <\/span><span style=\"font-weight: 400;\">Einar Kivisalu &#8211; Suusamatk Norras Okstindanis\u00a0<\/span><\/p>\n<p><span style=\"font-weight: 400;\">11.15 &#8211; 11.45\u00a0 <\/span><span style=\"font-weight: 400;\">Mart Reimann &#8211; \u00dches\u00fcstal Yukoni maratonil<\/span><\/p>\n<p>&nbsp;<\/p>\n<p><span style=\"font-weight: 400;\">Sirutuspaus\u00a0<\/span><\/p>\n<p>&nbsp;<\/p>\n<p><span style=\"font-weight: 400;\">12.00 &#8211; 12.30 Heleri Hanko &#8211; Koer matkale kaasa<\/span><\/p>\n<p><span style=\"font-weight: 400;\">12.30 &#8211; &#8230;.\u00a0 <\/span><span style=\"font-weight: 400;\">V\u00e4ints ja Karu &#8211; Raadiosaade \u201cJ\u00e4ljed gloobusel\u201d salvestus<\/span><\/p>\n<p>&nbsp;<\/p>\n<p><span style=\"font-weight: 400;\">\u00dcritust juhib V\u00e4ints<\/span><\/p>\n<p>&nbsp;<\/p>\n<p><strong>Matkat\u00e4ikast l\u00e4hemalt<\/strong><\/p>\n<p>Paralleelselt ettekannetega (10.00-22.00) toimub matkatarvete ja matkavarustuse t\u00e4ika.<\/p>\n<p>Eraldi m\u00fc\u00fcjat t\u00e4ikal ei ole. Saali tagaossa paneme lauad, iga\u00fcks kas valvab ise v\u00f5i usaldab, aga varustab m\u00fc\u00fcdava toote n\u00e4iteks <a href=\"https:\/\/matkaliit.ee\/wp-content\/uploads\/2022\/11\/Matkataika-sildid.odt\" target=\"_blank\" rel=\"noopener\">sellise sildiga<\/a>. Kes ostab, t\u00e4idab \u00e4ra sildi teise poole ja j\u00e4tab selle lauale karpi (sinna saab j\u00e4tta ka sularaha, \u00fcmbrikud on olemas). M\u00fc\u00fcja v\u00f5ib kaasa v\u00f5tta omanimelise karbi, kuhu saab j\u00e4tta nii sildi kui ka sularaha.<\/p>\n<p>Kohvipauside ajal ja 21.00-22.00 on m\u00fc\u00fcjatel soovitav olla huvilistele k\u00e4ttesaadav.<\/p>\n<p><img fetchpriority=\"high\" decoding=\"async\" class=\"alignnone size-large wp-image-506\" src=\"https:\/\/matkaliit.ee\/wp-content\/uploads\/2022\/11\/White-and-Colorful-Why-Worry-Weve-Got-You-Covered-Adventure-Moment-Modern-Minimalist-Elegant-Modern-Facebook-Post-1024x858.png\" alt=\"\" width=\"1024\" height=\"858\" srcset=\"https:\/\/matkaliit.ee\/wp-content\/uploads\/2022\/11\/White-and-Colorful-Why-Worry-Weve-Got-You-Covered-Adventure-Moment-Modern-Minimalist-Elegant-Modern-Facebook-Post-1024x858.png 1024w, https:\/\/matkaliit.ee\/wp-content\/uploads\/2022\/11\/White-and-Colorful-Why-Worry-Weve-Got-You-Covered-Adventure-Moment-Modern-Minimalist-Elegant-Modern-Facebook-Post-300x251.png 300w, https:\/\/matkaliit.ee\/wp-content\/uploads\/2022\/11\/White-and-Colorful-Why-Worry-Weve-Got-You-Covered-Adventure-Moment-Modern-Minimalist-Elegant-Modern-Facebook-Post-768x644.png 768w, https:\/\/matkaliit.ee\/wp-content\/uploads\/2022\/11\/White-and-Colorful-Why-Worry-Weve-Got-You-Covered-Adventure-Moment-Modern-Minimalist-Elegant-Modern-Facebook-Post-14x12.png 14w, https:\/\/matkaliit.ee\/wp-content\/uploads\/2022\/11\/White-and-Colorful-Why-Worry-Weve-Got-You-Covered-Adventure-Moment-Modern-Minimalist-Elegant-Modern-Facebook-Post.png 1410w\" sizes=\"(max-width: 1024px) 100vw, 1024px\" \/><\/p>\n<p>&nbsp;<\/p>","protected":false},"excerpt":{"rendered":"<p>Eesti matkajate kokkutulek toimub sel aastal nagu see on toimunud varasemalt &#8211; kaks p\u00e4eva p\u00f5nevaid ettekandeid ja \u00f5htul pidu. Seekord siis 26. ja 27. novembril J\u00e4neda K\u00fclalisemajas. https:\/\/kaart.delfi.ee?bookmark=b430f0b3e1361cd002961baa97838fe0 Punane- k\u00fclalistemaja Sinine- parkla Roosa- suur saal Roosa- Musta T\u00e4ku Tall &nbsp; Programm algab laup\u00e4eval kell 10 ja r\u00e4\u00e4kima on oodatud ka paljud selle aasta matkategijate nominendid.<\/p>\n<div class='read-more-button'><a class='read-more-link' href='https:\/\/matkaliit.ee\/en\/eesti-matkajate-kokkutulek-2022\/' style='border: 1px solid #3f83bf'>Read more&#8230;<\/a><\/div>","protected":false},"author":1,"featured_media":506,"comment_status":"open","ping_status":"open","sticky":false,"template":"","format":"standard","meta":{"footnotes":""},"categories":[17],"tags":[31],"class_list":["post-505","post","type-post","status-publish","format-standard","has-post-thumbnail","hentry","category-eesti-matkajate-kokkutulek","tag-kokkutulek"],"yoast_head":"<!-- This site is optimized with the Yoast SEO plugin v27.5 - https:\/\/yoast.com\/product\/yoast-seo-wordpress\/ -->\n<title>Eesti matkajate kokkutulek 2022 - Eesti Matkaliit<\/title>\n<meta name=\"description\" content=\"Eesti matkajate kokkutulek toimub 2022 J\u00e4neda K\u00fclalistemajas. Programm, aasta matkategijate v\u00e4ljakuulutamine, \u00f5htul esineb ansambel Palavik.\" \/>\n<meta name=\"robots\" content=\"index, follow, max-snippet:-1, max-image-preview:large, max-video-preview:-1\" \/>\n<link rel=\"canonical\" href=\"https:\/\/matkaliit.ee\/en\/eesti-matkajate-kokkutulek-2022\/\" \/>\n<meta property=\"og:locale\" content=\"en_GB\" \/>\n<meta property=\"og:type\" content=\"article\" \/>\n<meta property=\"og:title\" content=\"Eesti matkajate kokkutulek 2022 - Eesti Matkaliit\" \/>\n<meta property=\"og:description\" content=\"Eesti matkajate kokkutulek toimub 2022 J\u00e4neda K\u00fclalistemajas. Programm, aasta matkategijate v\u00e4ljakuulutamine, \u00f5htul esineb ansambel Palavik.\" \/>\n<meta property=\"og:url\" content=\"https:\/\/matkaliit.ee\/en\/eesti-matkajate-kokkutulek-2022\/\" \/>\n<meta property=\"og:site_name\" content=\"Eesti Matkaliit\" \/>\n<meta property=\"article:published_time\" content=\"2022-11-01T14:09:20+00:00\" \/>\n<meta property=\"article:modified_time\" content=\"2022-11-25T08:30:49+00:00\" \/>\n<meta property=\"og:image\" content=\"https:\/\/www.matkaliit.ee\/wp-content\/uploads\/2022\/11\/White-and-Colorful-Why-Worry-Weve-Got-You-Covered-Adventure-Moment-Modern-Minimalist-Elegant-Modern-Facebook-Post.png\" \/>\n\t<meta property=\"og:image:width\" content=\"1410\" \/>\n\t<meta property=\"og:image:height\" content=\"1182\" \/>\n\t<meta property=\"og:image:type\" content=\"image\/png\" \/>\n<meta name=\"author\" content=\"Pille\" \/>\n<meta name=\"twitter:card\" content=\"summary_large_image\" \/>\n<meta name=\"twitter:label1\" content=\"Written by\" \/>\n\t<meta name=\"twitter:data1\" content=\"Pille\" \/>\n\t<meta name=\"twitter:label2\" content=\"Estimated reading time\" \/>\n\t<meta name=\"twitter:data2\" content=\"3 minutes\" \/>\n<script type=\"application\/ld+json\" class=\"yoast-schema-graph\">{\"@context\":\"https:\\\/\\\/schema.org\",\"@graph\":[{\"@type\":\"Article\",\"@id\":\"https:\\\/\\\/matkaliit.ee\\\/eesti-matkajate-kokkutulek-2022\\\/#article\",\"isPartOf\":{\"@id\":\"https:\\\/\\\/matkaliit.ee\\\/eesti-matkajate-kokkutulek-2022\\\/\"},\"author\":{\"name\":\"Pille\",\"@id\":\"https:\\\/\\\/matkaliit.ee\\\/#\\\/schema\\\/person\\\/ec3e132f4cc6cb73948866e45a49d00c\"},\"headline\":\"Eesti matkajate kokkutulek 2022\",\"datePublished\":\"2022-11-01T14:09:20+00:00\",\"dateModified\":\"2022-11-25T08:30:49+00:00\",\"mainEntityOfPage\":{\"@id\":\"https:\\\/\\\/matkaliit.ee\\\/eesti-matkajate-kokkutulek-2022\\\/\"},\"wordCount\":430,\"commentCount\":0,\"publisher\":{\"@id\":\"https:\\\/\\\/matkaliit.ee\\\/#organization\"},\"image\":{\"@id\":\"https:\\\/\\\/matkaliit.ee\\\/eesti-matkajate-kokkutulek-2022\\\/#primaryimage\"},\"thumbnailUrl\":\"https:\\\/\\\/matkaliit.ee\\\/wp-content\\\/uploads\\\/2022\\\/11\\\/White-and-Colorful-Why-Worry-Weve-Got-You-Covered-Adventure-Moment-Modern-Minimalist-Elegant-Modern-Facebook-Post.png\",\"keywords\":[\"Kokkutulek\"],\"articleSection\":[\"Eesti matkajate kokkutulek\"],\"inLanguage\":\"en-GB\",\"potentialAction\":[{\"@type\":\"CommentAction\",\"name\":\"Comment\",\"target\":[\"https:\\\/\\\/matkaliit.ee\\\/eesti-matkajate-kokkutulek-2022\\\/#respond\"]}]},{\"@type\":\"WebPage\",\"@id\":\"https:\\\/\\\/matkaliit.ee\\\/eesti-matkajate-kokkutulek-2022\\\/\",\"url\":\"https:\\\/\\\/matkaliit.ee\\\/eesti-matkajate-kokkutulek-2022\\\/\",\"name\":\"Eesti matkajate kokkutulek 2022 - Eesti Matkaliit\",\"isPartOf\":{\"@id\":\"https:\\\/\\\/matkaliit.ee\\\/#website\"},\"primaryImageOfPage\":{\"@id\":\"https:\\\/\\\/matkaliit.ee\\\/eesti-matkajate-kokkutulek-2022\\\/#primaryimage\"},\"image\":{\"@id\":\"https:\\\/\\\/matkaliit.ee\\\/eesti-matkajate-kokkutulek-2022\\\/#primaryimage\"},\"thumbnailUrl\":\"https:\\\/\\\/matkaliit.ee\\\/wp-content\\\/uploads\\\/2022\\\/11\\\/White-and-Colorful-Why-Worry-Weve-Got-You-Covered-Adventure-Moment-Modern-Minimalist-Elegant-Modern-Facebook-Post.png\",\"datePublished\":\"2022-11-01T14:09:20+00:00\",\"dateModified\":\"2022-11-25T08:30:49+00:00\",\"description\":\"Eesti matkajate kokkutulek toimub 2022 J\u00e4neda K\u00fclalistemajas. Programm, aasta matkategijate v\u00e4ljakuulutamine, \u00f5htul esineb ansambel Palavik.\",\"breadcrumb\":{\"@id\":\"https:\\\/\\\/matkaliit.ee\\\/eesti-matkajate-kokkutulek-2022\\\/#breadcrumb\"},\"inLanguage\":\"en-GB\",\"potentialAction\":[{\"@type\":\"ReadAction\",\"target\":[\"https:\\\/\\\/matkaliit.ee\\\/eesti-matkajate-kokkutulek-2022\\\/\"]}]},{\"@type\":\"ImageObject\",\"inLanguage\":\"en-GB\",\"@id\":\"https:\\\/\\\/matkaliit.ee\\\/eesti-matkajate-kokkutulek-2022\\\/#primaryimage\",\"url\":\"https:\\\/\\\/matkaliit.ee\\\/wp-content\\\/uploads\\\/2022\\\/11\\\/White-and-Colorful-Why-Worry-Weve-Got-You-Covered-Adventure-Moment-Modern-Minimalist-Elegant-Modern-Facebook-Post.png\",\"contentUrl\":\"https:\\\/\\\/matkaliit.ee\\\/wp-content\\\/uploads\\\/2022\\\/11\\\/White-and-Colorful-Why-Worry-Weve-Got-You-Covered-Adventure-Moment-Modern-Minimalist-Elegant-Modern-Facebook-Post.png\",\"width\":1410,\"height\":1182},{\"@type\":\"BreadcrumbList\",\"@id\":\"https:\\\/\\\/matkaliit.ee\\\/eesti-matkajate-kokkutulek-2022\\\/#breadcrumb\",\"itemListElement\":[{\"@type\":\"ListItem\",\"position\":1,\"name\":\"Home\",\"item\":\"https:\\\/\\\/matkaliit.ee\\\/\"},{\"@type\":\"ListItem\",\"position\":2,\"name\":\"Eesti matkajate kokkutulek 2022\"}]},{\"@type\":\"WebSite\",\"@id\":\"https:\\\/\\\/matkaliit.ee\\\/#website\",\"url\":\"https:\\\/\\\/matkaliit.ee\\\/\",\"name\":\"Eesti Matkaliit\",\"description\":\"\",\"publisher\":{\"@id\":\"https:\\\/\\\/matkaliit.ee\\\/#organization\"},\"potentialAction\":[{\"@type\":\"SearchAction\",\"target\":{\"@type\":\"EntryPoint\",\"urlTemplate\":\"https:\\\/\\\/matkaliit.ee\\\/?s={search_term_string}\"},\"query-input\":{\"@type\":\"PropertyValueSpecification\",\"valueRequired\":true,\"valueName\":\"search_term_string\"}}],\"inLanguage\":\"en-GB\"},{\"@type\":\"Organization\",\"@id\":\"https:\\\/\\\/matkaliit.ee\\\/#organization\",\"name\":\"Eesti Matkaliit\",\"url\":\"https:\\\/\\\/matkaliit.ee\\\/\",\"logo\":{\"@type\":\"ImageObject\",\"inLanguage\":\"en-GB\",\"@id\":\"https:\\\/\\\/matkaliit.ee\\\/#\\\/schema\\\/logo\\\/image\\\/\",\"url\":\"https:\\\/\\\/matkaliit.ee\\\/wp-content\\\/uploads\\\/2021\\\/04\\\/logo-koodulehele-1.jpg\",\"contentUrl\":\"https:\\\/\\\/matkaliit.ee\\\/wp-content\\\/uploads\\\/2021\\\/04\\\/logo-koodulehele-1.jpg\",\"width\":150,\"height\":137,\"caption\":\"Eesti Matkaliit\"},\"image\":{\"@id\":\"https:\\\/\\\/matkaliit.ee\\\/#\\\/schema\\\/logo\\\/image\\\/\"}},{\"@type\":\"Person\",\"@id\":\"https:\\\/\\\/matkaliit.ee\\\/#\\\/schema\\\/person\\\/ec3e132f4cc6cb73948866e45a49d00c\",\"name\":\"Pille\",\"image\":{\"@type\":\"ImageObject\",\"inLanguage\":\"en-GB\",\"@id\":\"https:\\\/\\\/secure.gravatar.com\\\/avatar\\\/a1f340dc2ebf81f2096a0877d74737095f76c997adcfbbdf7f2e0731bf6c7ca5?s=96&d=mm&r=g\",\"url\":\"https:\\\/\\\/secure.gravatar.com\\\/avatar\\\/a1f340dc2ebf81f2096a0877d74737095f76c997adcfbbdf7f2e0731bf6c7ca5?s=96&d=mm&r=g\",\"contentUrl\":\"https:\\\/\\\/secure.gravatar.com\\\/avatar\\\/a1f340dc2ebf81f2096a0877d74737095f76c997adcfbbdf7f2e0731bf6c7ca5?s=96&d=mm&r=g\",\"caption\":\"Pille\"},\"sameAs\":[\"https:\\\/\\\/matkaliit.ee\"],\"url\":\"https:\\\/\\\/matkaliit.ee\\\/en\\\/author\\\/pille\\\/\"}]}<\/script>\n<!-- \/ Yoast SEO plugin. -->","yoast_head_json":{"title":"Eesti matkajate kokkutulek 2022 - Eesti Matkaliit","description":"Eesti matkajate kokkutulek toimub 2022 J\u00e4neda K\u00fclalistemajas. Programm, aasta matkategijate v\u00e4ljakuulutamine, \u00f5htul esineb ansambel Palavik.","robots":{"index":"index","follow":"follow","max-snippet":"max-snippet:-1","max-image-preview":"max-image-preview:large","max-video-preview":"max-video-preview:-1"},"canonical":"https:\/\/matkaliit.ee\/en\/eesti-matkajate-kokkutulek-2022\/","og_locale":"en_GB","og_type":"article","og_title":"Eesti matkajate kokkutulek 2022 - Eesti Matkaliit","og_description":"Eesti matkajate kokkutulek toimub 2022 J\u00e4neda K\u00fclalistemajas. Programm, aasta matkategijate v\u00e4ljakuulutamine, \u00f5htul esineb ansambel Palavik.","og_url":"https:\/\/matkaliit.ee\/en\/eesti-matkajate-kokkutulek-2022\/","og_site_name":"Eesti Matkaliit","article_published_time":"2022-11-01T14:09:20+00:00","article_modified_time":"2022-11-25T08:30:49+00:00","og_image":[{"width":1410,"height":1182,"url":"https:\/\/www.matkaliit.ee\/wp-content\/uploads\/2022\/11\/White-and-Colorful-Why-Worry-Weve-Got-You-Covered-Adventure-Moment-Modern-Minimalist-Elegant-Modern-Facebook-Post.png","type":"image\/png"}],"author":"Pille","twitter_card":"summary_large_image","twitter_misc":{"Written by":"Pille","Estimated reading time":"3 minutes"},"schema":{"@context":"https:\/\/schema.org","@graph":[{"@type":"Article","@id":"https:\/\/matkaliit.ee\/eesti-matkajate-kokkutulek-2022\/#article","isPartOf":{"@id":"https:\/\/matkaliit.ee\/eesti-matkajate-kokkutulek-2022\/"},"author":{"name":"Pille","@id":"https:\/\/matkaliit.ee\/#\/schema\/person\/ec3e132f4cc6cb73948866e45a49d00c"},"headline":"Eesti matkajate kokkutulek 2022","datePublished":"2022-11-01T14:09:20+00:00","dateModified":"2022-11-25T08:30:49+00:00","mainEntityOfPage":{"@id":"https:\/\/matkaliit.ee\/eesti-matkajate-kokkutulek-2022\/"},"wordCount":430,"commentCount":0,"publisher":{"@id":"https:\/\/matkaliit.ee\/#organization"},"image":{"@id":"https:\/\/matkaliit.ee\/eesti-matkajate-kokkutulek-2022\/#primaryimage"},"thumbnailUrl":"https:\/\/matkaliit.ee\/wp-content\/uploads\/2022\/11\/White-and-Colorful-Why-Worry-Weve-Got-You-Covered-Adventure-Moment-Modern-Minimalist-Elegant-Modern-Facebook-Post.png","keywords":["Kokkutulek"],"articleSection":["Eesti matkajate kokkutulek"],"inLanguage":"en-GB","potentialAction":[{"@type":"CommentAction","name":"Comment","target":["https:\/\/matkaliit.ee\/eesti-matkajate-kokkutulek-2022\/#respond"]}]},{"@type":"WebPage","@id":"https:\/\/matkaliit.ee\/eesti-matkajate-kokkutulek-2022\/","url":"https:\/\/matkaliit.ee\/eesti-matkajate-kokkutulek-2022\/","name":"Eesti matkajate kokkutulek 2022 - Eesti Matkaliit","isPartOf":{"@id":"https:\/\/matkaliit.ee\/#website"},"primaryImageOfPage":{"@id":"https:\/\/matkaliit.ee\/eesti-matkajate-kokkutulek-2022\/#primaryimage"},"image":{"@id":"https:\/\/matkaliit.ee\/eesti-matkajate-kokkutulek-2022\/#primaryimage"},"thumbnailUrl":"https:\/\/matkaliit.ee\/wp-content\/uploads\/2022\/11\/White-and-Colorful-Why-Worry-Weve-Got-You-Covered-Adventure-Moment-Modern-Minimalist-Elegant-Modern-Facebook-Post.png","datePublished":"2022-11-01T14:09:20+00:00","dateModified":"2022-11-25T08:30:49+00:00","description":"Eesti matkajate kokkutulek toimub 2022 J\u00e4neda K\u00fclalistemajas. Programm, aasta matkategijate v\u00e4ljakuulutamine, \u00f5htul esineb ansambel Palavik.","breadcrumb":{"@id":"https:\/\/matkaliit.ee\/eesti-matkajate-kokkutulek-2022\/#breadcrumb"},"inLanguage":"en-GB","potentialAction":[{"@type":"ReadAction","target":["https:\/\/matkaliit.ee\/eesti-matkajate-kokkutulek-2022\/"]}]},{"@type":"ImageObject","inLanguage":"en-GB","@id":"https:\/\/matkaliit.ee\/eesti-matkajate-kokkutulek-2022\/#primaryimage","url":"https:\/\/matkaliit.ee\/wp-content\/uploads\/2022\/11\/White-and-Colorful-Why-Worry-Weve-Got-You-Covered-Adventure-Moment-Modern-Minimalist-Elegant-Modern-Facebook-Post.png","contentUrl":"https:\/\/matkaliit.ee\/wp-content\/uploads\/2022\/11\/White-and-Colorful-Why-Worry-Weve-Got-You-Covered-Adventure-Moment-Modern-Minimalist-Elegant-Modern-Facebook-Post.png","width":1410,"height":1182},{"@type":"BreadcrumbList","@id":"https:\/\/matkaliit.ee\/eesti-matkajate-kokkutulek-2022\/#breadcrumb","itemListElement":[{"@type":"ListItem","position":1,"name":"Home","item":"https:\/\/matkaliit.ee\/"},{"@type":"ListItem","position":2,"name":"Eesti matkajate kokkutulek 2022"}]},{"@type":"WebSite","@id":"https:\/\/matkaliit.ee\/#website","url":"https:\/\/matkaliit.ee\/","name":"Eesti Matkaliit","description":"","publisher":{"@id":"https:\/\/matkaliit.ee\/#organization"},"potentialAction":[{"@type":"SearchAction","target":{"@type":"EntryPoint","urlTemplate":"https:\/\/matkaliit.ee\/?s={search_term_string}"},"query-input":{"@type":"PropertyValueSpecification","valueRequired":true,"valueName":"search_term_string"}}],"inLanguage":"en-GB"},{"@type":"Organization","@id":"https:\/\/matkaliit.ee\/#organization","name":"Eesti Matkaliit","url":"https:\/\/matkaliit.ee\/","logo":{"@type":"ImageObject","inLanguage":"en-GB","@id":"https:\/\/matkaliit.ee\/#\/schema\/logo\/image\/","url":"https:\/\/matkaliit.ee\/wp-content\/uploads\/2021\/04\/logo-koodulehele-1.jpg","contentUrl":"https:\/\/matkaliit.ee\/wp-content\/uploads\/2021\/04\/logo-koodulehele-1.jpg","width":150,"height":137,"caption":"Eesti Matkaliit"},"image":{"@id":"https:\/\/matkaliit.ee\/#\/schema\/logo\/image\/"}},{"@type":"Person","@id":"https:\/\/matkaliit.ee\/#\/schema\/person\/ec3e132f4cc6cb73948866e45a49d00c","name":"Pille","image":{"@type":"ImageObject","inLanguage":"en-GB","@id":"https:\/\/secure.gravatar.com\/avatar\/a1f340dc2ebf81f2096a0877d74737095f76c997adcfbbdf7f2e0731bf6c7ca5?s=96&d=mm&r=g","url":"https:\/\/secure.gravatar.com\/avatar\/a1f340dc2ebf81f2096a0877d74737095f76c997adcfbbdf7f2e0731bf6c7ca5?s=96&d=mm&r=g","contentUrl":"https:\/\/secure.gravatar.com\/avatar\/a1f340dc2ebf81f2096a0877d74737095f76c997adcfbbdf7f2e0731bf6c7ca5?s=96&d=mm&r=g","caption":"Pille"},"sameAs":["https:\/\/matkaliit.ee"],"url":"https:\/\/matkaliit.ee\/en\/author\/pille\/"}]}},"_links":{"self":[{"href":"https:\/\/matkaliit.ee\/en\/wp-json\/wp\/v2\/posts\/505","targetHints":{"allow":["GET"]}}],"collection":[{"href":"https:\/\/matkaliit.ee\/en\/wp-json\/wp\/v2\/posts"}],"about":[{"href":"https:\/\/matkaliit.ee\/en\/wp-json\/wp\/v2\/types\/post"}],"author":[{"embeddable":true,"href":"https:\/\/matkaliit.ee\/en\/wp-json\/wp\/v2\/users\/1"}],"replies":[{"embeddable":true,"href":"https:\/\/matkaliit.ee\/en\/wp-json\/wp\/v2\/comments?post=505"}],"version-history":[{"count":5,"href":"https:\/\/matkaliit.ee\/en\/wp-json\/wp\/v2\/posts\/505\/revisions"}],"predecessor-version":[{"id":536,"href":"https:\/\/matkaliit.ee\/en\/wp-json\/wp\/v2\/posts\/505\/revisions\/536"}],"wp:featuredmedia":[{"embeddable":true,"href":"https:\/\/matkaliit.ee\/en\/wp-json\/wp\/v2\/media\/506"}],"wp:attachment":[{"href":"https:\/\/matkaliit.ee\/en\/wp-json\/wp\/v2\/media?parent=505"}],"wp:term":[{"taxonomy":"category","embeddable":true,"href":"https:\/\/matkaliit.ee\/en\/wp-json\/wp\/v2\/categories?post=505"},{"taxonomy":"post_tag","embeddable":true,"href":"https:\/\/matkaliit.ee\/en\/wp-json\/wp\/v2\/tags?post=505"}],"curies":[{"name":"wp","href":"https:\/\/api.w.org\/{rel}","templated":true}]}}