{"id":537,"date":"2022-11-30T20:54:14","date_gmt":"2022-11-30T18:54:14","guid":{"rendered":"https:\/\/matkaliit.ee\/?p=537"},"modified":"2022-11-30T20:59:27","modified_gmt":"2022-11-30T18:59:27","slug":"aasta-matkategijad-2022-0n-selgunud","status":"publish","type":"post","link":"https:\/\/matkaliit.ee\/en\/aasta-matkategijad-2022-0n-selgunud\/","title":{"rendered":"Aasta matkategijad 2022 on selgunud"},"content":{"rendered":"<p>26. novembri \u00f5htul kuulutati Eesti matkajate kokkutulekul v\u00e4lja aasta 2022 matkategijad.<\/p>\n<p>Nominentidega saad tutvuda siin: <a href=\"https:\/\/matkaliit.ee\/en\/aasta-tegijate-nominendid-2022\/\">https:\/\/matkaliit.ee\/aasta-tegijate-nominendid-2022\/<\/a><\/p>\n<p>Aasta matkajaks valiti Broad Peaki vallutanud ja K2-l tubli katse teinud MARIE SAAME.<\/p>\n<p><img fetchpriority=\"high\" decoding=\"async\" class=\"alignnone size-large wp-image-539\" src=\"https:\/\/matkaliit.ee\/wp-content\/uploads\/2022\/11\/Marie-Saame-1024x682.jpg\" alt=\"\" width=\"1024\" height=\"682\" srcset=\"https:\/\/matkaliit.ee\/wp-content\/uploads\/2022\/11\/Marie-Saame-1024x682.jpg 1024w, https:\/\/matkaliit.ee\/wp-content\/uploads\/2022\/11\/Marie-Saame-300x200.jpg 300w, https:\/\/matkaliit.ee\/wp-content\/uploads\/2022\/11\/Marie-Saame-768x512.jpg 768w, https:\/\/matkaliit.ee\/wp-content\/uploads\/2022\/11\/Marie-Saame-1536x1024.jpg 1536w, https:\/\/matkaliit.ee\/wp-content\/uploads\/2022\/11\/Marie-Saame-18x12.jpg 18w, https:\/\/matkaliit.ee\/wp-content\/uploads\/2022\/11\/Marie-Saame.jpg 2000w\" sizes=\"(max-width: 1024px) 100vw, 1024px\" \/><\/p>\n<p>Aasta matk 2022 on t\u00f5us DENALIle.<\/p>\n<p><img decoding=\"async\" class=\"alignnone size-large wp-image-541\" src=\"https:\/\/matkaliit.ee\/wp-content\/uploads\/2022\/11\/Denali-1024x683.jpg\" alt=\"\" width=\"1024\" height=\"683\" srcset=\"https:\/\/matkaliit.ee\/wp-content\/uploads\/2022\/11\/Denali-1024x683.jpg 1024w, https:\/\/matkaliit.ee\/wp-content\/uploads\/2022\/11\/Denali-300x200.jpg 300w, https:\/\/matkaliit.ee\/wp-content\/uploads\/2022\/11\/Denali-768x512.jpg 768w, https:\/\/matkaliit.ee\/wp-content\/uploads\/2022\/11\/Denali-1536x1024.jpg 1536w, https:\/\/matkaliit.ee\/wp-content\/uploads\/2022\/11\/Denali-18x12.jpg 18w, https:\/\/matkaliit.ee\/wp-content\/uploads\/2022\/11\/Denali.jpg 2048w\" sizes=\"(max-width: 1024px) 100vw, 1024px\" \/><\/p>\n<p>Aasta matkategelane usin matkamist propageerija KATRIN MERISALU<\/p>\n<p><img decoding=\"async\" class=\"alignnone size-large wp-image-540\" src=\"https:\/\/matkaliit.ee\/wp-content\/uploads\/2022\/11\/Katrin-Merisalu-1024x683.jpg\" alt=\"\" width=\"1024\" height=\"683\" srcset=\"https:\/\/matkaliit.ee\/wp-content\/uploads\/2022\/11\/Katrin-Merisalu-1024x683.jpg 1024w, https:\/\/matkaliit.ee\/wp-content\/uploads\/2022\/11\/Katrin-Merisalu-300x200.jpg 300w, https:\/\/matkaliit.ee\/wp-content\/uploads\/2022\/11\/Katrin-Merisalu-768x512.jpg 768w, https:\/\/matkaliit.ee\/wp-content\/uploads\/2022\/11\/Katrin-Merisalu-1536x1024.jpg 1536w, https:\/\/matkaliit.ee\/wp-content\/uploads\/2022\/11\/Katrin-Merisalu-18x12.jpg 18w, https:\/\/matkaliit.ee\/wp-content\/uploads\/2022\/11\/Katrin-Merisalu.jpg 2048w\" sizes=\"(max-width: 1024px) 100vw, 1024px\" \/><\/p>\n<p>Video, kuidas see k\u00f5ik v\u00e4lja n\u00e4gi:<\/p>\n<p><iframe title=\"Aasta 2022 parimad matkajad\" width=\"500\" height=\"281\" src=\"https:\/\/www.youtube.com\/embed\/6X1jcIItJ_0?feature=oembed\" frameborder=\"0\" allow=\"accelerometer; autoplay; clipboard-write; encrypted-media; gyroscope; picture-in-picture; web-share\" referrerpolicy=\"strict-origin-when-cross-origin\" allowfullscreen><\/iframe><\/p>","protected":false},"excerpt":{"rendered":"<p>26. novembri \u00f5htul kuulutati Eesti matkajate kokkutulekul v\u00e4lja aasta 2022 matkategijad. Nominentidega saad tutvuda siin: https:\/\/matkaliit.ee\/aasta-tegijate-nominendid-2022\/ Aasta matkajaks valiti Broad Peaki vallutanud ja K2-l tubli katse teinud MARIE SAAME. Aasta matk 2022 on t\u00f5us DENALIle. Aasta matkategelane usin matkamist propageerija KATRIN MERISALU Video, kuidas see k\u00f5ik v\u00e4lja n\u00e4gi:<\/p>","protected":false},"author":1,"featured_media":543,"comment_status":"open","ping_status":"open","sticky":false,"template":"","format":"standard","meta":{"footnotes":""},"categories":[19],"tags":[],"class_list":["post-537","post","type-post","status-publish","format-standard","has-post-thumbnail","hentry","category-aasta-matkategijad"],"yoast_head":"<!-- This site is optimized with the Yoast SEO plugin v27.5 - https:\/\/yoast.com\/product\/yoast-seo-wordpress\/ -->\n<title>Aasta matkategijad 2022 on selgunud - Eesti Matkaliit<\/title>\n<meta name=\"robots\" content=\"index, follow, max-snippet:-1, max-image-preview:large, max-video-preview:-1\" \/>\n<link rel=\"canonical\" href=\"https:\/\/matkaliit.ee\/en\/aasta-matkategijad-2022-0n-selgunud\/\" \/>\n<meta property=\"og:locale\" content=\"en_GB\" \/>\n<meta property=\"og:type\" content=\"article\" \/>\n<meta property=\"og:title\" content=\"Aasta matkategijad 2022 on selgunud - Eesti Matkaliit\" \/>\n<meta property=\"og:description\" content=\"26. novembri \u00f5htul kuulutati Eesti matkajate kokkutulekul v\u00e4lja aasta 2022 matkategijad. Nominentidega saad tutvuda siin: https:\/\/matkaliit.ee\/aasta-tegijate-nominendid-2022\/ Aasta matkajaks valiti Broad Peaki vallutanud ja K2-l tubli katse teinud MARIE SAAME. Aasta matk 2022 on t\u00f5us DENALIle. Aasta matkategelane usin matkamist propageerija KATRIN MERISALU Video, kuidas see k\u00f5ik v\u00e4lja n\u00e4gi:\" \/>\n<meta property=\"og:url\" content=\"https:\/\/matkaliit.ee\/en\/aasta-matkategijad-2022-0n-selgunud\/\" \/>\n<meta property=\"og:site_name\" content=\"Eesti Matkaliit\" \/>\n<meta property=\"article:published_time\" content=\"2022-11-30T18:54:14+00:00\" \/>\n<meta property=\"article:modified_time\" content=\"2022-11-30T18:59:27+00:00\" \/>\n<meta property=\"og:image\" content=\"https:\/\/matkaliit.ee\/wp-content\/uploads\/2022\/11\/Aasta-tegijad-2022-1024x819.png\" \/>\n\t<meta property=\"og:image:width\" content=\"1024\" \/>\n\t<meta property=\"og:image:height\" content=\"819\" \/>\n\t<meta property=\"og:image:type\" content=\"image\/png\" \/>\n<meta name=\"author\" content=\"Pille\" \/>\n<meta name=\"twitter:card\" content=\"summary_large_image\" \/>\n<meta name=\"twitter:label1\" content=\"Written by\" \/>\n\t<meta name=\"twitter:data1\" content=\"Pille\" \/>\n\t<meta name=\"twitter:label2\" content=\"Estimated reading time\" \/>\n\t<meta name=\"twitter:data2\" content=\"1 minute\" \/>\n<script type=\"application\/ld+json\" class=\"yoast-schema-graph\">{\"@context\":\"https:\\\/\\\/schema.org\",\"@graph\":[{\"@type\":\"Article\",\"@id\":\"https:\\\/\\\/matkaliit.ee\\\/aasta-matkategijad-2022-0n-selgunud\\\/#article\",\"isPartOf\":{\"@id\":\"https:\\\/\\\/matkaliit.ee\\\/aasta-matkategijad-2022-0n-selgunud\\\/\"},\"author\":{\"name\":\"Pille\",\"@id\":\"https:\\\/\\\/matkaliit.ee\\\/#\\\/schema\\\/person\\\/ec3e132f4cc6cb73948866e45a49d00c\"},\"headline\":\"Aasta matkategijad 2022 on selgunud\",\"datePublished\":\"2022-11-30T18:54:14+00:00\",\"dateModified\":\"2022-11-30T18:59:27+00:00\",\"mainEntityOfPage\":{\"@id\":\"https:\\\/\\\/matkaliit.ee\\\/aasta-matkategijad-2022-0n-selgunud\\\/\"},\"wordCount\":63,\"commentCount\":0,\"publisher\":{\"@id\":\"https:\\\/\\\/matkaliit.ee\\\/#organization\"},\"image\":{\"@id\":\"https:\\\/\\\/matkaliit.ee\\\/aasta-matkategijad-2022-0n-selgunud\\\/#primaryimage\"},\"thumbnailUrl\":\"https:\\\/\\\/matkaliit.ee\\\/wp-content\\\/uploads\\\/2022\\\/11\\\/Aasta-tegijad-2022.png\",\"articleSection\":[\"Aasta matkategijad\"],\"inLanguage\":\"en-GB\",\"potentialAction\":[{\"@type\":\"CommentAction\",\"name\":\"Comment\",\"target\":[\"https:\\\/\\\/matkaliit.ee\\\/aasta-matkategijad-2022-0n-selgunud\\\/#respond\"]}]},{\"@type\":\"WebPage\",\"@id\":\"https:\\\/\\\/matkaliit.ee\\\/aasta-matkategijad-2022-0n-selgunud\\\/\",\"url\":\"https:\\\/\\\/matkaliit.ee\\\/aasta-matkategijad-2022-0n-selgunud\\\/\",\"name\":\"Aasta matkategijad 2022 on selgunud - Eesti Matkaliit\",\"isPartOf\":{\"@id\":\"https:\\\/\\\/matkaliit.ee\\\/#website\"},\"primaryImageOfPage\":{\"@id\":\"https:\\\/\\\/matkaliit.ee\\\/aasta-matkategijad-2022-0n-selgunud\\\/#primaryimage\"},\"image\":{\"@id\":\"https:\\\/\\\/matkaliit.ee\\\/aasta-matkategijad-2022-0n-selgunud\\\/#primaryimage\"},\"thumbnailUrl\":\"https:\\\/\\\/matkaliit.ee\\\/wp-content\\\/uploads\\\/2022\\\/11\\\/Aasta-tegijad-2022.png\",\"datePublished\":\"2022-11-30T18:54:14+00:00\",\"dateModified\":\"2022-11-30T18:59:27+00:00\",\"breadcrumb\":{\"@id\":\"https:\\\/\\\/matkaliit.ee\\\/aasta-matkategijad-2022-0n-selgunud\\\/#breadcrumb\"},\"inLanguage\":\"en-GB\",\"potentialAction\":[{\"@type\":\"ReadAction\",\"target\":[\"https:\\\/\\\/matkaliit.ee\\\/aasta-matkategijad-2022-0n-selgunud\\\/\"]}]},{\"@type\":\"ImageObject\",\"inLanguage\":\"en-GB\",\"@id\":\"https:\\\/\\\/matkaliit.ee\\\/aasta-matkategijad-2022-0n-selgunud\\\/#primaryimage\",\"url\":\"https:\\\/\\\/matkaliit.ee\\\/wp-content\\\/uploads\\\/2022\\\/11\\\/Aasta-tegijad-2022.png\",\"contentUrl\":\"https:\\\/\\\/matkaliit.ee\\\/wp-content\\\/uploads\\\/2022\\\/11\\\/Aasta-tegijad-2022.png\",\"width\":2000,\"height\":1600},{\"@type\":\"BreadcrumbList\",\"@id\":\"https:\\\/\\\/matkaliit.ee\\\/aasta-matkategijad-2022-0n-selgunud\\\/#breadcrumb\",\"itemListElement\":[{\"@type\":\"ListItem\",\"position\":1,\"name\":\"Home\",\"item\":\"https:\\\/\\\/matkaliit.ee\\\/\"},{\"@type\":\"ListItem\",\"position\":2,\"name\":\"Aasta matkategijad 2022 on selgunud\"}]},{\"@type\":\"WebSite\",\"@id\":\"https:\\\/\\\/matkaliit.ee\\\/#website\",\"url\":\"https:\\\/\\\/matkaliit.ee\\\/\",\"name\":\"Eesti Matkaliit\",\"description\":\"\",\"publisher\":{\"@id\":\"https:\\\/\\\/matkaliit.ee\\\/#organization\"},\"potentialAction\":[{\"@type\":\"SearchAction\",\"target\":{\"@type\":\"EntryPoint\",\"urlTemplate\":\"https:\\\/\\\/matkaliit.ee\\\/?s={search_term_string}\"},\"query-input\":{\"@type\":\"PropertyValueSpecification\",\"valueRequired\":true,\"valueName\":\"search_term_string\"}}],\"inLanguage\":\"en-GB\"},{\"@type\":\"Organization\",\"@id\":\"https:\\\/\\\/matkaliit.ee\\\/#organization\",\"name\":\"Eesti Matkaliit\",\"url\":\"https:\\\/\\\/matkaliit.ee\\\/\",\"logo\":{\"@type\":\"ImageObject\",\"inLanguage\":\"en-GB\",\"@id\":\"https:\\\/\\\/matkaliit.ee\\\/#\\\/schema\\\/logo\\\/image\\\/\",\"url\":\"https:\\\/\\\/matkaliit.ee\\\/wp-content\\\/uploads\\\/2021\\\/04\\\/logo-koodulehele-1.jpg\",\"contentUrl\":\"https:\\\/\\\/matkaliit.ee\\\/wp-content\\\/uploads\\\/2021\\\/04\\\/logo-koodulehele-1.jpg\",\"width\":150,\"height\":137,\"caption\":\"Eesti Matkaliit\"},\"image\":{\"@id\":\"https:\\\/\\\/matkaliit.ee\\\/#\\\/schema\\\/logo\\\/image\\\/\"}},{\"@type\":\"Person\",\"@id\":\"https:\\\/\\\/matkaliit.ee\\\/#\\\/schema\\\/person\\\/ec3e132f4cc6cb73948866e45a49d00c\",\"name\":\"Pille\",\"image\":{\"@type\":\"ImageObject\",\"inLanguage\":\"en-GB\",\"@id\":\"https:\\\/\\\/secure.gravatar.com\\\/avatar\\\/a1f340dc2ebf81f2096a0877d74737095f76c997adcfbbdf7f2e0731bf6c7ca5?s=96&d=mm&r=g\",\"url\":\"https:\\\/\\\/secure.gravatar.com\\\/avatar\\\/a1f340dc2ebf81f2096a0877d74737095f76c997adcfbbdf7f2e0731bf6c7ca5?s=96&d=mm&r=g\",\"contentUrl\":\"https:\\\/\\\/secure.gravatar.com\\\/avatar\\\/a1f340dc2ebf81f2096a0877d74737095f76c997adcfbbdf7f2e0731bf6c7ca5?s=96&d=mm&r=g\",\"caption\":\"Pille\"},\"sameAs\":[\"https:\\\/\\\/matkaliit.ee\"],\"url\":\"https:\\\/\\\/matkaliit.ee\\\/en\\\/author\\\/pille\\\/\"}]}<\/script>\n<!-- \/ Yoast SEO plugin. -->","yoast_head_json":{"title":"Aasta matkategijad 2022 on selgunud - Eesti Matkaliit","robots":{"index":"index","follow":"follow","max-snippet":"max-snippet:-1","max-image-preview":"max-image-preview:large","max-video-preview":"max-video-preview:-1"},"canonical":"https:\/\/matkaliit.ee\/en\/aasta-matkategijad-2022-0n-selgunud\/","og_locale":"en_GB","og_type":"article","og_title":"Aasta matkategijad 2022 on selgunud - Eesti Matkaliit","og_description":"26. novembri \u00f5htul kuulutati Eesti matkajate kokkutulekul v\u00e4lja aasta 2022 matkategijad. Nominentidega saad tutvuda siin: https:\/\/matkaliit.ee\/aasta-tegijate-nominendid-2022\/ Aasta matkajaks valiti Broad Peaki vallutanud ja K2-l tubli katse teinud MARIE SAAME. Aasta matk 2022 on t\u00f5us DENALIle. Aasta matkategelane usin matkamist propageerija KATRIN MERISALU Video, kuidas see k\u00f5ik v\u00e4lja n\u00e4gi:","og_url":"https:\/\/matkaliit.ee\/en\/aasta-matkategijad-2022-0n-selgunud\/","og_site_name":"Eesti Matkaliit","article_published_time":"2022-11-30T18:54:14+00:00","article_modified_time":"2022-11-30T18:59:27+00:00","og_image":[{"width":1024,"height":819,"url":"https:\/\/matkaliit.ee\/wp-content\/uploads\/2022\/11\/Aasta-tegijad-2022-1024x819.png","type":"image\/png"}],"author":"Pille","twitter_card":"summary_large_image","twitter_misc":{"Written by":"Pille","Estimated reading time":"1 minute"},"schema":{"@context":"https:\/\/schema.org","@graph":[{"@type":"Article","@id":"https:\/\/matkaliit.ee\/aasta-matkategijad-2022-0n-selgunud\/#article","isPartOf":{"@id":"https:\/\/matkaliit.ee\/aasta-matkategijad-2022-0n-selgunud\/"},"author":{"name":"Pille","@id":"https:\/\/matkaliit.ee\/#\/schema\/person\/ec3e132f4cc6cb73948866e45a49d00c"},"headline":"Aasta matkategijad 2022 on selgunud","datePublished":"2022-11-30T18:54:14+00:00","dateModified":"2022-11-30T18:59:27+00:00","mainEntityOfPage":{"@id":"https:\/\/matkaliit.ee\/aasta-matkategijad-2022-0n-selgunud\/"},"wordCount":63,"commentCount":0,"publisher":{"@id":"https:\/\/matkaliit.ee\/#organization"},"image":{"@id":"https:\/\/matkaliit.ee\/aasta-matkategijad-2022-0n-selgunud\/#primaryimage"},"thumbnailUrl":"https:\/\/matkaliit.ee\/wp-content\/uploads\/2022\/11\/Aasta-tegijad-2022.png","articleSection":["Aasta matkategijad"],"inLanguage":"en-GB","potentialAction":[{"@type":"CommentAction","name":"Comment","target":["https:\/\/matkaliit.ee\/aasta-matkategijad-2022-0n-selgunud\/#respond"]}]},{"@type":"WebPage","@id":"https:\/\/matkaliit.ee\/aasta-matkategijad-2022-0n-selgunud\/","url":"https:\/\/matkaliit.ee\/aasta-matkategijad-2022-0n-selgunud\/","name":"Aasta matkategijad 2022 on selgunud - Eesti Matkaliit","isPartOf":{"@id":"https:\/\/matkaliit.ee\/#website"},"primaryImageOfPage":{"@id":"https:\/\/matkaliit.ee\/aasta-matkategijad-2022-0n-selgunud\/#primaryimage"},"image":{"@id":"https:\/\/matkaliit.ee\/aasta-matkategijad-2022-0n-selgunud\/#primaryimage"},"thumbnailUrl":"https:\/\/matkaliit.ee\/wp-content\/uploads\/2022\/11\/Aasta-tegijad-2022.png","datePublished":"2022-11-30T18:54:14+00:00","dateModified":"2022-11-30T18:59:27+00:00","breadcrumb":{"@id":"https:\/\/matkaliit.ee\/aasta-matkategijad-2022-0n-selgunud\/#breadcrumb"},"inLanguage":"en-GB","potentialAction":[{"@type":"ReadAction","target":["https:\/\/matkaliit.ee\/aasta-matkategijad-2022-0n-selgunud\/"]}]},{"@type":"ImageObject","inLanguage":"en-GB","@id":"https:\/\/matkaliit.ee\/aasta-matkategijad-2022-0n-selgunud\/#primaryimage","url":"https:\/\/matkaliit.ee\/wp-content\/uploads\/2022\/11\/Aasta-tegijad-2022.png","contentUrl":"https:\/\/matkaliit.ee\/wp-content\/uploads\/2022\/11\/Aasta-tegijad-2022.png","width":2000,"height":1600},{"@type":"BreadcrumbList","@id":"https:\/\/matkaliit.ee\/aasta-matkategijad-2022-0n-selgunud\/#breadcrumb","itemListElement":[{"@type":"ListItem","position":1,"name":"Home","item":"https:\/\/matkaliit.ee\/"},{"@type":"ListItem","position":2,"name":"Aasta matkategijad 2022 on selgunud"}]},{"@type":"WebSite","@id":"https:\/\/matkaliit.ee\/#website","url":"https:\/\/matkaliit.ee\/","name":"Eesti Matkaliit","description":"","publisher":{"@id":"https:\/\/matkaliit.ee\/#organization"},"potentialAction":[{"@type":"SearchAction","target":{"@type":"EntryPoint","urlTemplate":"https:\/\/matkaliit.ee\/?s={search_term_string}"},"query-input":{"@type":"PropertyValueSpecification","valueRequired":true,"valueName":"search_term_string"}}],"inLanguage":"en-GB"},{"@type":"Organization","@id":"https:\/\/matkaliit.ee\/#organization","name":"Eesti Matkaliit","url":"https:\/\/matkaliit.ee\/","logo":{"@type":"ImageObject","inLanguage":"en-GB","@id":"https:\/\/matkaliit.ee\/#\/schema\/logo\/image\/","url":"https:\/\/matkaliit.ee\/wp-content\/uploads\/2021\/04\/logo-koodulehele-1.jpg","contentUrl":"https:\/\/matkaliit.ee\/wp-content\/uploads\/2021\/04\/logo-koodulehele-1.jpg","width":150,"height":137,"caption":"Eesti Matkaliit"},"image":{"@id":"https:\/\/matkaliit.ee\/#\/schema\/logo\/image\/"}},{"@type":"Person","@id":"https:\/\/matkaliit.ee\/#\/schema\/person\/ec3e132f4cc6cb73948866e45a49d00c","name":"Pille","image":{"@type":"ImageObject","inLanguage":"en-GB","@id":"https:\/\/secure.gravatar.com\/avatar\/a1f340dc2ebf81f2096a0877d74737095f76c997adcfbbdf7f2e0731bf6c7ca5?s=96&d=mm&r=g","url":"https:\/\/secure.gravatar.com\/avatar\/a1f340dc2ebf81f2096a0877d74737095f76c997adcfbbdf7f2e0731bf6c7ca5?s=96&d=mm&r=g","contentUrl":"https:\/\/secure.gravatar.com\/avatar\/a1f340dc2ebf81f2096a0877d74737095f76c997adcfbbdf7f2e0731bf6c7ca5?s=96&d=mm&r=g","caption":"Pille"},"sameAs":["https:\/\/matkaliit.ee"],"url":"https:\/\/matkaliit.ee\/en\/author\/pille\/"}]}},"_links":{"self":[{"href":"https:\/\/matkaliit.ee\/en\/wp-json\/wp\/v2\/posts\/537","targetHints":{"allow":["GET"]}}],"collection":[{"href":"https:\/\/matkaliit.ee\/en\/wp-json\/wp\/v2\/posts"}],"about":[{"href":"https:\/\/matkaliit.ee\/en\/wp-json\/wp\/v2\/types\/post"}],"author":[{"embeddable":true,"href":"https:\/\/matkaliit.ee\/en\/wp-json\/wp\/v2\/users\/1"}],"replies":[{"embeddable":true,"href":"https:\/\/matkaliit.ee\/en\/wp-json\/wp\/v2\/comments?post=537"}],"version-history":[{"count":4,"href":"https:\/\/matkaliit.ee\/en\/wp-json\/wp\/v2\/posts\/537\/revisions"}],"predecessor-version":[{"id":545,"href":"https:\/\/matkaliit.ee\/en\/wp-json\/wp\/v2\/posts\/537\/revisions\/545"}],"wp:featuredmedia":[{"embeddable":true,"href":"https:\/\/matkaliit.ee\/en\/wp-json\/wp\/v2\/media\/543"}],"wp:attachment":[{"href":"https:\/\/matkaliit.ee\/en\/wp-json\/wp\/v2\/media?parent=537"}],"wp:term":[{"taxonomy":"category","embeddable":true,"href":"https:\/\/matkaliit.ee\/en\/wp-json\/wp\/v2\/categories?post=537"},{"taxonomy":"post_tag","embeddable":true,"href":"https:\/\/matkaliit.ee\/en\/wp-json\/wp\/v2\/tags?post=537"}],"curies":[{"name":"wp","href":"https:\/\/api.w.org\/{rel}","templated":true}]}}