{"id":848,"date":"2024-09-30T11:43:38","date_gmt":"2024-09-30T08:43:38","guid":{"rendered":"https:\/\/matkaliit.ee\/?p=848"},"modified":"2024-10-01T21:17:21","modified_gmt":"2024-10-01T18:17:21","slug":"aasta-matkategija-2024-kandidaatide-esitamine-on-alanud","status":"publish","type":"post","link":"https:\/\/matkaliit.ee\/en\/aasta-matkategija-2024-kandidaatide-esitamine-on-alanud\/","title":{"rendered":"Aasta matkategija 2024 kandidaatide esitamine on alanud"},"content":{"rendered":"<p>Juba viiendat korda valime Aasta matkaja, Aasta m\u00e4gironija, Aasta matkategelase, Aasta matka ja Aasta matkaorganisatsiooni. K\u00f5igil eelnenud kordadel oleme saanud v\u00e4\u00e4rt informatsiooni meie tegijat kohta just teie k\u00e4est. Me teame olukorrast Eesti matkamaastikul palju, aga kindlasti mitte k\u00f5ike.<\/p>\n<p><span style=\"font-weight: 400;\">M\u00f5tle tegijate peale jooksval matka-aastal ning anna neist ka meile teada. <\/span><span style=\"font-size: medium;\"><span lang=\"et-EE\">Jooksev matka-aasta on eelmise aasta 01. novembrist kuni k\u00e4esoleva aasta 01. novembrini (seega 01.11.2023-01.11.2024).\u00a0<\/span><\/span><\/p>\n<p><b>Kandidaatide esitamine: <\/b><strong style=\"color: blue;\">01.10.-14.10.2024 <\/strong> (14 p\u00e4eva)<\/p>\n<p><span style=\"font-weight: 400;\">Kirjuta kandidaadi nimi ja v\u00e4hemalt viie lausega p\u00f5hjendus, miks just tema. Aasta matka puhul peab olema toodud v\u00e4lja matka kestus, piirkond, marsruut, km ja vajadusel tehnilised n\u00e4itajad.\u00a0<\/span><\/p>\n<p><span style=\"font-weight: 400;\">\u00dchte inimest v\u00f5i matka saab esitada ainult \u00fches kategoorias. Kui kedagi esitatakse kahes erinevas kategoorias, siis kategooria otsustab komisjon tulenevalt esitatud andmetest. Komisjon v\u00f5ib esitatud andmete p\u00f5hjal otsustada ka m\u00f5ne tiitli \u00fcldse v\u00e4lja jagamata j\u00e4tta.\u00a0<\/span><\/p>\n<p>Oma kandidaat esita siin:<br \/>\n<iframe src=\"https:\/\/docs.google.com\/forms\/d\/e\/1FAIpQLSeFaPsVedr0ml0bXBIvmnbHT6ACrrcPBk6hNHKe6kiIHN-Oew\/viewform?usp=pp_url\" height=\"1900 px;\"><\/iframe><br \/>\n&nbsp;<\/p>\n<h3><b>Mida kandidaadi esitamisel silmas pidada?<\/b><\/h3>\n<p><b>Aasta matkaja<\/b><span style=\"font-weight: 400;\"> on Eesti matkaja, kes tegi antud perioodil midagi uudset, erakordset, ainulaadset, rasket v\u00f5i ala populariseerivat matka.\u00a0<\/span><\/p>\n<p><span style=\"font-weight: 400;\">Aunimetus <\/span><b>Aasta matk <\/b><span style=\"font-weight: 400;\">omistatakse enim silma paistnud matkar\u00fchmale. Aunimetusele kandideerivas matkar\u00fchmas peavad v\u00e4hemalt 50% r\u00fchma liikmetest olema Eesti Vabariigi<\/span> <span style=\"font-weight: 400;\">alalised elanikud.<\/span><\/p>\n<p><span style=\"font-weight: 400;\">Aunimetuse \u201cAasta matk\u201d m\u00e4\u00e4ramisel arvestatakse:<\/span><\/p>\n<ul>\n<li style=\"font-weight: 400;\" aria-level=\"1\"><span style=\"font-weight: 400;\">matka <\/span> <span style=\"font-weight: 400;\">sportlikku taset (uudne, erakordne, ainulaadne, raske jmt)<\/span><\/li>\n<li style=\"font-weight: 400;\" aria-level=\"1\"><span style=\"font-weight: 400;\">matka <\/span> <span style=\"font-weight: 400;\">piirkonda ja uudsust (uus matkapiirkond, uus marsruut jmt)<\/span><\/li>\n<\/ul>\n<p><strong>Aasta m\u00e4gironija<\/strong> on roninud tehnilisi marsruute ja\/v\u00f5i k\u00e4inud k\u00f5rgemal kui 6000 m.<\/p>\n<p><b>Aasta matkategelane <\/b><span style=\"font-weight: 400;\">on antud perioodil enim silma paistnud Eesti Vabariigi alaline elanik, kes on k\u00e4esoleval matka-aastal edendanud matkaliikumist Eestis.<\/span><\/p>\n<p><b>Aasta matkaorganisatsiooni <\/b><span style=\"font-weight: 400;\">aunimetus omistatakse enim silma paistnud ettev\u00f5ttele v\u00f5i organisatsioonile.<\/span><\/p>\n<p><span style=\"font-weight: 400;\">Nii <\/span><b>Aasta matkategelase<\/b><span style=\"font-weight: 400;\"> kui ka <\/span><b>Aasta matkaorganisatsiooni<\/b><span style=\"font-weight: 400;\"> aunimetuse m\u00e4\u00e4ramisel arvestatakse matkaliikumise edendamist Eestis, sealhulgas tegevusi:<\/span><\/p>\n<ul>\n<li style=\"font-weight: 400;\" aria-level=\"1\"><span style=\"font-weight: 400;\">matka\u00fcrituste <\/span> <span style=\"font-weight: 400;\">korraldamisel (kokkutulekud, seminarid, koolitused, klubilised <\/span> <span style=\"font-weight: 400;\">\u00fcritused, v\u00f5istlused) <\/span><\/li>\n<li style=\"font-weight: 400;\" aria-level=\"1\"><span style=\"font-weight: 400;\">matkaliikumise <\/span> <span style=\"font-weight: 400;\">propageerimisel (esinemised raadios, televisiooni, publikatsioonid, <\/span> <span style=\"font-weight: 400;\">t\u00f6\u00f6 noortega v\u00f5i muude sihtr\u00fchmadega, koolitamine <\/span> <span style=\"font-weight: 400;\">jms)<\/span><\/li>\n<li style=\"font-weight: 400;\" aria-level=\"1\"><span style=\"font-weight: 400;\">silmapaistva <\/span> <span style=\"font-weight: 400;\">panuse eest mingi matkavaldkonna arendamisel (osalemine erinevate <\/span> <span style=\"font-weight: 400;\">komisjonide, t\u00f6\u00f6r\u00fchmade jms t\u00f6\u00f6s)<\/span><\/li>\n<\/ul>\n<p><span style=\"font-weight: 400;\">Aunimetuste saajad valitakse h\u00e4\u00e4letuse teel. H\u00e4\u00e4letuse esimene voor on avalik h\u00e4\u00e4letus, kus v\u00f5ivad osaleda k\u00f5ik soovijad ja teises voorus h\u00e4\u00e4letavad Eesti Matkaliidu liikmesorganisatsioonide liikmed. Arvestust peetakse m\u00f5lemas voorus eraldi ja saadud tulemused liidetakse.<\/span><\/p>\n<p><span style=\"font-weight: 400;\"><strong>Aasta matkategijad 2024<\/strong> tehakse teatavaks<strong>\u00a023. novembril<\/strong> Eesti matkajate kokkutulekul J\u00f5ulum\u00e4el.\u00a0<\/span><\/p>\n<p>Varasemate aasta tegijatega saab tutvuda <a href=\"https:\/\/matkaliit.ee\/en\/aasta-tegijad\/\" target=\"_blank\" rel=\"noopener\"><strong>SIIN<\/strong><\/a><\/p>","protected":false},"excerpt":{"rendered":"<p>Juba viiendat korda valime Aasta matkaja, Aasta m\u00e4gironija, Aasta matkategelase, Aasta matka ja Aasta matkaorganisatsiooni. K\u00f5igil eelnenud kordadel oleme saanud v\u00e4\u00e4rt informatsiooni meie tegijat kohta just teie k\u00e4est. Me teame olukorrast Eesti matkamaastikul palju, aga kindlasti mitte k\u00f5ike. M\u00f5tle tegijate peale jooksval matka-aastal ning anna neist ka meile teada. Jooksev matka-aasta on eelmise aasta 01.<\/p>\n<div class='read-more-button'><a class='read-more-link' href='https:\/\/matkaliit.ee\/en\/aasta-matkategija-2024-kandidaatide-esitamine-on-alanud\/' style='border: 1px solid #3f83bf'>Read more&#8230;<\/a><\/div>","protected":false},"author":1,"featured_media":849,"comment_status":"open","ping_status":"open","sticky":false,"template":"","format":"standard","meta":{"footnotes":""},"categories":[19],"tags":[],"class_list":["post-848","post","type-post","status-publish","format-standard","has-post-thumbnail","hentry","category-aasta-matkategijad"],"yoast_head":"<!-- This site is optimized with the Yoast SEO plugin v27.5 - https:\/\/yoast.com\/product\/yoast-seo-wordpress\/ -->\n<title>Aasta matkategija 2024 kandidaatide esitamine on alanud - Eesti Matkaliit<\/title>\n<meta name=\"robots\" content=\"index, follow, max-snippet:-1, max-image-preview:large, max-video-preview:-1\" \/>\n<link rel=\"canonical\" href=\"https:\/\/matkaliit.ee\/en\/aasta-matkategija-2024-kandidaatide-esitamine-on-alanud\/\" \/>\n<meta property=\"og:locale\" content=\"en_GB\" \/>\n<meta property=\"og:type\" content=\"article\" \/>\n<meta property=\"og:title\" content=\"Aasta matkategija 2024 kandidaatide esitamine on alanud - Eesti Matkaliit\" \/>\n<meta property=\"og:description\" content=\"Juba viiendat korda valime Aasta matkaja, Aasta m\u00e4gironija, Aasta matkategelase, Aasta matka ja Aasta matkaorganisatsiooni. K\u00f5igil eelnenud kordadel oleme saanud v\u00e4\u00e4rt informatsiooni meie tegijat kohta just teie k\u00e4est. Me teame olukorrast Eesti matkamaastikul palju, aga kindlasti mitte k\u00f5ike. M\u00f5tle tegijate peale jooksval matka-aastal ning anna neist ka meile teada. Jooksev matka-aasta on eelmise aasta 01.Read more...\" \/>\n<meta property=\"og:url\" content=\"https:\/\/matkaliit.ee\/en\/aasta-matkategija-2024-kandidaatide-esitamine-on-alanud\/\" \/>\n<meta property=\"og:site_name\" content=\"Eesti Matkaliit\" \/>\n<meta property=\"article:published_time\" content=\"2024-09-30T08:43:38+00:00\" \/>\n<meta property=\"article:modified_time\" content=\"2024-10-01T18:17:21+00:00\" \/>\n<meta property=\"og:image\" content=\"https:\/\/matkaliit.ee\/wp-content\/uploads\/2024\/09\/Hiking-Trips-Facebook-Post.jpg\" \/>\n\t<meta property=\"og:image:width\" content=\"1528\" \/>\n\t<meta property=\"og:image:height\" content=\"1281\" \/>\n\t<meta property=\"og:image:type\" content=\"image\/jpeg\" \/>\n<meta name=\"author\" content=\"Pille\" \/>\n<meta name=\"twitter:card\" content=\"summary_large_image\" \/>\n<meta name=\"twitter:label1\" content=\"Written by\" \/>\n\t<meta name=\"twitter:data1\" content=\"Pille\" \/>\n\t<meta name=\"twitter:label2\" content=\"Estimated reading time\" \/>\n\t<meta name=\"twitter:data2\" content=\"3 minutes\" \/>\n<script type=\"application\/ld+json\" class=\"yoast-schema-graph\">{\"@context\":\"https:\\\/\\\/schema.org\",\"@graph\":[{\"@type\":\"Article\",\"@id\":\"https:\\\/\\\/matkaliit.ee\\\/en\\\/aasta-matkategija-2024-kandidaatide-esitamine-on-alanud\\\/#article\",\"isPartOf\":{\"@id\":\"https:\\\/\\\/matkaliit.ee\\\/en\\\/aasta-matkategija-2024-kandidaatide-esitamine-on-alanud\\\/\"},\"author\":{\"name\":\"Pille\",\"@id\":\"https:\\\/\\\/matkaliit.ee\\\/#\\\/schema\\\/person\\\/ec3e132f4cc6cb73948866e45a49d00c\"},\"headline\":\"Aasta matkategija 2024 kandidaatide esitamine on alanud\",\"datePublished\":\"2024-09-30T08:43:38+00:00\",\"dateModified\":\"2024-10-01T18:17:21+00:00\",\"mainEntityOfPage\":{\"@id\":\"https:\\\/\\\/matkaliit.ee\\\/en\\\/aasta-matkategija-2024-kandidaatide-esitamine-on-alanud\\\/\"},\"wordCount\":388,\"commentCount\":0,\"publisher\":{\"@id\":\"https:\\\/\\\/matkaliit.ee\\\/#organization\"},\"image\":{\"@id\":\"https:\\\/\\\/matkaliit.ee\\\/en\\\/aasta-matkategija-2024-kandidaatide-esitamine-on-alanud\\\/#primaryimage\"},\"thumbnailUrl\":\"https:\\\/\\\/matkaliit.ee\\\/wp-content\\\/uploads\\\/2024\\\/09\\\/Hiking-Trips-Facebook-Post.jpg\",\"articleSection\":[\"Aasta matkategijad\"],\"inLanguage\":\"en-GB\",\"potentialAction\":[{\"@type\":\"CommentAction\",\"name\":\"Comment\",\"target\":[\"https:\\\/\\\/matkaliit.ee\\\/en\\\/aasta-matkategija-2024-kandidaatide-esitamine-on-alanud\\\/#respond\"]}]},{\"@type\":\"WebPage\",\"@id\":\"https:\\\/\\\/matkaliit.ee\\\/en\\\/aasta-matkategija-2024-kandidaatide-esitamine-on-alanud\\\/\",\"url\":\"https:\\\/\\\/matkaliit.ee\\\/en\\\/aasta-matkategija-2024-kandidaatide-esitamine-on-alanud\\\/\",\"name\":\"Aasta matkategija 2024 kandidaatide esitamine on alanud - Eesti Matkaliit\",\"isPartOf\":{\"@id\":\"https:\\\/\\\/matkaliit.ee\\\/#website\"},\"primaryImageOfPage\":{\"@id\":\"https:\\\/\\\/matkaliit.ee\\\/en\\\/aasta-matkategija-2024-kandidaatide-esitamine-on-alanud\\\/#primaryimage\"},\"image\":{\"@id\":\"https:\\\/\\\/matkaliit.ee\\\/en\\\/aasta-matkategija-2024-kandidaatide-esitamine-on-alanud\\\/#primaryimage\"},\"thumbnailUrl\":\"https:\\\/\\\/matkaliit.ee\\\/wp-content\\\/uploads\\\/2024\\\/09\\\/Hiking-Trips-Facebook-Post.jpg\",\"datePublished\":\"2024-09-30T08:43:38+00:00\",\"dateModified\":\"2024-10-01T18:17:21+00:00\",\"breadcrumb\":{\"@id\":\"https:\\\/\\\/matkaliit.ee\\\/en\\\/aasta-matkategija-2024-kandidaatide-esitamine-on-alanud\\\/#breadcrumb\"},\"inLanguage\":\"en-GB\",\"potentialAction\":[{\"@type\":\"ReadAction\",\"target\":[\"https:\\\/\\\/matkaliit.ee\\\/en\\\/aasta-matkategija-2024-kandidaatide-esitamine-on-alanud\\\/\"]}]},{\"@type\":\"ImageObject\",\"inLanguage\":\"en-GB\",\"@id\":\"https:\\\/\\\/matkaliit.ee\\\/en\\\/aasta-matkategija-2024-kandidaatide-esitamine-on-alanud\\\/#primaryimage\",\"url\":\"https:\\\/\\\/matkaliit.ee\\\/wp-content\\\/uploads\\\/2024\\\/09\\\/Hiking-Trips-Facebook-Post.jpg\",\"contentUrl\":\"https:\\\/\\\/matkaliit.ee\\\/wp-content\\\/uploads\\\/2024\\\/09\\\/Hiking-Trips-Facebook-Post.jpg\",\"width\":1528,\"height\":1281},{\"@type\":\"BreadcrumbList\",\"@id\":\"https:\\\/\\\/matkaliit.ee\\\/en\\\/aasta-matkategija-2024-kandidaatide-esitamine-on-alanud\\\/#breadcrumb\",\"itemListElement\":[{\"@type\":\"ListItem\",\"position\":1,\"name\":\"Home\",\"item\":\"https:\\\/\\\/matkaliit.ee\\\/\"},{\"@type\":\"ListItem\",\"position\":2,\"name\":\"Aasta matkategija 2024 kandidaatide esitamine on alanud\"}]},{\"@type\":\"WebSite\",\"@id\":\"https:\\\/\\\/matkaliit.ee\\\/#website\",\"url\":\"https:\\\/\\\/matkaliit.ee\\\/\",\"name\":\"Eesti Matkaliit\",\"description\":\"\",\"publisher\":{\"@id\":\"https:\\\/\\\/matkaliit.ee\\\/#organization\"},\"potentialAction\":[{\"@type\":\"SearchAction\",\"target\":{\"@type\":\"EntryPoint\",\"urlTemplate\":\"https:\\\/\\\/matkaliit.ee\\\/?s={search_term_string}\"},\"query-input\":{\"@type\":\"PropertyValueSpecification\",\"valueRequired\":true,\"valueName\":\"search_term_string\"}}],\"inLanguage\":\"en-GB\"},{\"@type\":\"Organization\",\"@id\":\"https:\\\/\\\/matkaliit.ee\\\/#organization\",\"name\":\"Eesti Matkaliit\",\"url\":\"https:\\\/\\\/matkaliit.ee\\\/\",\"logo\":{\"@type\":\"ImageObject\",\"inLanguage\":\"en-GB\",\"@id\":\"https:\\\/\\\/matkaliit.ee\\\/#\\\/schema\\\/logo\\\/image\\\/\",\"url\":\"https:\\\/\\\/matkaliit.ee\\\/wp-content\\\/uploads\\\/2021\\\/04\\\/logo-koodulehele-1.jpg\",\"contentUrl\":\"https:\\\/\\\/matkaliit.ee\\\/wp-content\\\/uploads\\\/2021\\\/04\\\/logo-koodulehele-1.jpg\",\"width\":150,\"height\":137,\"caption\":\"Eesti Matkaliit\"},\"image\":{\"@id\":\"https:\\\/\\\/matkaliit.ee\\\/#\\\/schema\\\/logo\\\/image\\\/\"}},{\"@type\":\"Person\",\"@id\":\"https:\\\/\\\/matkaliit.ee\\\/#\\\/schema\\\/person\\\/ec3e132f4cc6cb73948866e45a49d00c\",\"name\":\"Pille\",\"image\":{\"@type\":\"ImageObject\",\"inLanguage\":\"en-GB\",\"@id\":\"https:\\\/\\\/secure.gravatar.com\\\/avatar\\\/a1f340dc2ebf81f2096a0877d74737095f76c997adcfbbdf7f2e0731bf6c7ca5?s=96&d=mm&r=g\",\"url\":\"https:\\\/\\\/secure.gravatar.com\\\/avatar\\\/a1f340dc2ebf81f2096a0877d74737095f76c997adcfbbdf7f2e0731bf6c7ca5?s=96&d=mm&r=g\",\"contentUrl\":\"https:\\\/\\\/secure.gravatar.com\\\/avatar\\\/a1f340dc2ebf81f2096a0877d74737095f76c997adcfbbdf7f2e0731bf6c7ca5?s=96&d=mm&r=g\",\"caption\":\"Pille\"},\"sameAs\":[\"https:\\\/\\\/matkaliit.ee\"],\"url\":\"https:\\\/\\\/matkaliit.ee\\\/en\\\/author\\\/pille\\\/\"}]}<\/script>\n<!-- \/ Yoast SEO plugin. -->","yoast_head_json":{"title":"Aasta matkategija 2024 kandidaatide esitamine on alanud - Eesti Matkaliit","robots":{"index":"index","follow":"follow","max-snippet":"max-snippet:-1","max-image-preview":"max-image-preview:large","max-video-preview":"max-video-preview:-1"},"canonical":"https:\/\/matkaliit.ee\/en\/aasta-matkategija-2024-kandidaatide-esitamine-on-alanud\/","og_locale":"en_GB","og_type":"article","og_title":"Aasta matkategija 2024 kandidaatide esitamine on alanud - Eesti Matkaliit","og_description":"Juba viiendat korda valime Aasta matkaja, Aasta m\u00e4gironija, Aasta matkategelase, Aasta matka ja Aasta matkaorganisatsiooni. K\u00f5igil eelnenud kordadel oleme saanud v\u00e4\u00e4rt informatsiooni meie tegijat kohta just teie k\u00e4est. Me teame olukorrast Eesti matkamaastikul palju, aga kindlasti mitte k\u00f5ike. M\u00f5tle tegijate peale jooksval matka-aastal ning anna neist ka meile teada. Jooksev matka-aasta on eelmise aasta 01.Read more...","og_url":"https:\/\/matkaliit.ee\/en\/aasta-matkategija-2024-kandidaatide-esitamine-on-alanud\/","og_site_name":"Eesti Matkaliit","article_published_time":"2024-09-30T08:43:38+00:00","article_modified_time":"2024-10-01T18:17:21+00:00","og_image":[{"width":1528,"height":1281,"url":"https:\/\/matkaliit.ee\/wp-content\/uploads\/2024\/09\/Hiking-Trips-Facebook-Post.jpg","type":"image\/jpeg"}],"author":"Pille","twitter_card":"summary_large_image","twitter_misc":{"Written by":"Pille","Estimated reading time":"3 minutes"},"schema":{"@context":"https:\/\/schema.org","@graph":[{"@type":"Article","@id":"https:\/\/matkaliit.ee\/en\/aasta-matkategija-2024-kandidaatide-esitamine-on-alanud\/#article","isPartOf":{"@id":"https:\/\/matkaliit.ee\/en\/aasta-matkategija-2024-kandidaatide-esitamine-on-alanud\/"},"author":{"name":"Pille","@id":"https:\/\/matkaliit.ee\/#\/schema\/person\/ec3e132f4cc6cb73948866e45a49d00c"},"headline":"Aasta matkategija 2024 kandidaatide esitamine on alanud","datePublished":"2024-09-30T08:43:38+00:00","dateModified":"2024-10-01T18:17:21+00:00","mainEntityOfPage":{"@id":"https:\/\/matkaliit.ee\/en\/aasta-matkategija-2024-kandidaatide-esitamine-on-alanud\/"},"wordCount":388,"commentCount":0,"publisher":{"@id":"https:\/\/matkaliit.ee\/#organization"},"image":{"@id":"https:\/\/matkaliit.ee\/en\/aasta-matkategija-2024-kandidaatide-esitamine-on-alanud\/#primaryimage"},"thumbnailUrl":"https:\/\/matkaliit.ee\/wp-content\/uploads\/2024\/09\/Hiking-Trips-Facebook-Post.jpg","articleSection":["Aasta matkategijad"],"inLanguage":"en-GB","potentialAction":[{"@type":"CommentAction","name":"Comment","target":["https:\/\/matkaliit.ee\/en\/aasta-matkategija-2024-kandidaatide-esitamine-on-alanud\/#respond"]}]},{"@type":"WebPage","@id":"https:\/\/matkaliit.ee\/en\/aasta-matkategija-2024-kandidaatide-esitamine-on-alanud\/","url":"https:\/\/matkaliit.ee\/en\/aasta-matkategija-2024-kandidaatide-esitamine-on-alanud\/","name":"Aasta matkategija 2024 kandidaatide esitamine on alanud - Eesti Matkaliit","isPartOf":{"@id":"https:\/\/matkaliit.ee\/#website"},"primaryImageOfPage":{"@id":"https:\/\/matkaliit.ee\/en\/aasta-matkategija-2024-kandidaatide-esitamine-on-alanud\/#primaryimage"},"image":{"@id":"https:\/\/matkaliit.ee\/en\/aasta-matkategija-2024-kandidaatide-esitamine-on-alanud\/#primaryimage"},"thumbnailUrl":"https:\/\/matkaliit.ee\/wp-content\/uploads\/2024\/09\/Hiking-Trips-Facebook-Post.jpg","datePublished":"2024-09-30T08:43:38+00:00","dateModified":"2024-10-01T18:17:21+00:00","breadcrumb":{"@id":"https:\/\/matkaliit.ee\/en\/aasta-matkategija-2024-kandidaatide-esitamine-on-alanud\/#breadcrumb"},"inLanguage":"en-GB","potentialAction":[{"@type":"ReadAction","target":["https:\/\/matkaliit.ee\/en\/aasta-matkategija-2024-kandidaatide-esitamine-on-alanud\/"]}]},{"@type":"ImageObject","inLanguage":"en-GB","@id":"https:\/\/matkaliit.ee\/en\/aasta-matkategija-2024-kandidaatide-esitamine-on-alanud\/#primaryimage","url":"https:\/\/matkaliit.ee\/wp-content\/uploads\/2024\/09\/Hiking-Trips-Facebook-Post.jpg","contentUrl":"https:\/\/matkaliit.ee\/wp-content\/uploads\/2024\/09\/Hiking-Trips-Facebook-Post.jpg","width":1528,"height":1281},{"@type":"BreadcrumbList","@id":"https:\/\/matkaliit.ee\/en\/aasta-matkategija-2024-kandidaatide-esitamine-on-alanud\/#breadcrumb","itemListElement":[{"@type":"ListItem","position":1,"name":"Home","item":"https:\/\/matkaliit.ee\/"},{"@type":"ListItem","position":2,"name":"Aasta matkategija 2024 kandidaatide esitamine on alanud"}]},{"@type":"WebSite","@id":"https:\/\/matkaliit.ee\/#website","url":"https:\/\/matkaliit.ee\/","name":"Eesti Matkaliit","description":"","publisher":{"@id":"https:\/\/matkaliit.ee\/#organization"},"potentialAction":[{"@type":"SearchAction","target":{"@type":"EntryPoint","urlTemplate":"https:\/\/matkaliit.ee\/?s={search_term_string}"},"query-input":{"@type":"PropertyValueSpecification","valueRequired":true,"valueName":"search_term_string"}}],"inLanguage":"en-GB"},{"@type":"Organization","@id":"https:\/\/matkaliit.ee\/#organization","name":"Eesti Matkaliit","url":"https:\/\/matkaliit.ee\/","logo":{"@type":"ImageObject","inLanguage":"en-GB","@id":"https:\/\/matkaliit.ee\/#\/schema\/logo\/image\/","url":"https:\/\/matkaliit.ee\/wp-content\/uploads\/2021\/04\/logo-koodulehele-1.jpg","contentUrl":"https:\/\/matkaliit.ee\/wp-content\/uploads\/2021\/04\/logo-koodulehele-1.jpg","width":150,"height":137,"caption":"Eesti Matkaliit"},"image":{"@id":"https:\/\/matkaliit.ee\/#\/schema\/logo\/image\/"}},{"@type":"Person","@id":"https:\/\/matkaliit.ee\/#\/schema\/person\/ec3e132f4cc6cb73948866e45a49d00c","name":"Pille","image":{"@type":"ImageObject","inLanguage":"en-GB","@id":"https:\/\/secure.gravatar.com\/avatar\/a1f340dc2ebf81f2096a0877d74737095f76c997adcfbbdf7f2e0731bf6c7ca5?s=96&d=mm&r=g","url":"https:\/\/secure.gravatar.com\/avatar\/a1f340dc2ebf81f2096a0877d74737095f76c997adcfbbdf7f2e0731bf6c7ca5?s=96&d=mm&r=g","contentUrl":"https:\/\/secure.gravatar.com\/avatar\/a1f340dc2ebf81f2096a0877d74737095f76c997adcfbbdf7f2e0731bf6c7ca5?s=96&d=mm&r=g","caption":"Pille"},"sameAs":["https:\/\/matkaliit.ee"],"url":"https:\/\/matkaliit.ee\/en\/author\/pille\/"}]}},"_links":{"self":[{"href":"https:\/\/matkaliit.ee\/en\/wp-json\/wp\/v2\/posts\/848","targetHints":{"allow":["GET"]}}],"collection":[{"href":"https:\/\/matkaliit.ee\/en\/wp-json\/wp\/v2\/posts"}],"about":[{"href":"https:\/\/matkaliit.ee\/en\/wp-json\/wp\/v2\/types\/post"}],"author":[{"embeddable":true,"href":"https:\/\/matkaliit.ee\/en\/wp-json\/wp\/v2\/users\/1"}],"replies":[{"embeddable":true,"href":"https:\/\/matkaliit.ee\/en\/wp-json\/wp\/v2\/comments?post=848"}],"version-history":[{"count":3,"href":"https:\/\/matkaliit.ee\/en\/wp-json\/wp\/v2\/posts\/848\/revisions"}],"predecessor-version":[{"id":852,"href":"https:\/\/matkaliit.ee\/en\/wp-json\/wp\/v2\/posts\/848\/revisions\/852"}],"wp:featuredmedia":[{"embeddable":true,"href":"https:\/\/matkaliit.ee\/en\/wp-json\/wp\/v2\/media\/849"}],"wp:attachment":[{"href":"https:\/\/matkaliit.ee\/en\/wp-json\/wp\/v2\/media?parent=848"}],"wp:term":[{"taxonomy":"category","embeddable":true,"href":"https:\/\/matkaliit.ee\/en\/wp-json\/wp\/v2\/categories?post=848"},{"taxonomy":"post_tag","embeddable":true,"href":"https:\/\/matkaliit.ee\/en\/wp-json\/wp\/v2\/tags?post=848"}],"curies":[{"name":"wp","href":"https:\/\/api.w.org\/{rel}","templated":true}]}}