{"id":860,"date":"2024-10-31T23:48:44","date_gmt":"2024-10-31T21:48:44","guid":{"rendered":"https:\/\/matkaliit.ee\/?p=860"},"modified":"2024-11-19T12:51:53","modified_gmt":"2024-11-19T10:51:53","slug":"aasta-matkategijate-nominendid-on","status":"publish","type":"post","link":"https:\/\/matkaliit.ee\/en\/aasta-matkategijate-nominendid-on\/","title":{"rendered":"Aasta matkategijad 2024 h\u00e4\u00e4letus"},"content":{"rendered":"<p>Aasta matkategijate nominendid on teie ees!<\/p>\n<p>K\u00f5ikides kategooriates h\u00e4\u00e4li andma ei pea, seega h\u00e4\u00e4letada saab ka ainult oma lemmiku poolt.<\/p>\n<p>H\u00e4\u00e4letus on avatud 01.-14.11.2024.<\/p>\n<p><a href=\"https:\/\/docs.google.com\/forms\/d\/e\/1FAIpQLSfc812jZH_dgiclqMXxp2H-UcOuddXXn_ed8UWBH5PEIZkO3g\/viewform\"><strong><span style=\"color: #ff0000;\">Anna oma h\u00e4\u00e4l SIIN<\/span><\/strong><\/a><\/p>\n<p>&nbsp;<\/p>\n<h2><span style=\"color: #008000;\"><strong>Aasta matkaja 2024<\/strong><\/span><\/h2>\n<p><b>Indrek Lukso\u00a0<\/b><\/p>\n<p><b><\/b><span style=\"font-weight: 400;\">Indrek on aastaid teinud pikkasid rattamatkasid l\u00e4bi erinevate riikide. Sel aastal s\u00f5itis ta koos s<\/span><b>\u00f5braga<\/b><span style=\"font-weight: 400;\"> (Marko Sonn) Eestist Kreekasse ehk Emaj\u00f5e Ateenast Ateenasse. Selleks tuli l\u00e4bi s\u00f5ita <\/span><b>5017 kilomeetrit <\/b><span style=\"font-weight: 400;\">ja kulus<\/span><b> 53 p\u00e4eva.<\/b><\/p>\n<p><img fetchpriority=\"high\" decoding=\"async\" class=\"wp-image-868 aligncenter\" src=\"https:\/\/matkaliit.ee\/wp-content\/uploads\/2024\/10\/b991fcd5-1e37-4bba-846f-9003c60d9a09-1-719x1024.jpg\" alt=\"\" width=\"400\" height=\"570\" srcset=\"https:\/\/matkaliit.ee\/wp-content\/uploads\/2024\/10\/b991fcd5-1e37-4bba-846f-9003c60d9a09-1-719x1024.jpg 719w, https:\/\/matkaliit.ee\/wp-content\/uploads\/2024\/10\/b991fcd5-1e37-4bba-846f-9003c60d9a09-1-211x300.jpg 211w, https:\/\/matkaliit.ee\/wp-content\/uploads\/2024\/10\/b991fcd5-1e37-4bba-846f-9003c60d9a09-1-768x1094.jpg 768w, https:\/\/matkaliit.ee\/wp-content\/uploads\/2024\/10\/b991fcd5-1e37-4bba-846f-9003c60d9a09-1-1078x1536.jpg 1078w, https:\/\/matkaliit.ee\/wp-content\/uploads\/2024\/10\/b991fcd5-1e37-4bba-846f-9003c60d9a09-1-8x12.jpg 8w, https:\/\/matkaliit.ee\/wp-content\/uploads\/2024\/10\/b991fcd5-1e37-4bba-846f-9003c60d9a09-1.jpg 1126w\" sizes=\"(max-width: 400px) 100vw, 400px\" \/><\/p>\n<p>&nbsp;<\/p>\n<p><b>Markos Parve<\/b><\/p>\n<p><span style=\"font-weight: 400;\">Markos on sel aastal l\u00e4binud mitu pikemat matkarada. Juunis- juulis GR10 Hendaye &#8211; Banyuls-sur-Mer (Prantsusmaa) &#8211; 940 km\u00a0 &#8211; 28 p\u00e4eva 19 h.<\/span><\/p>\n<p><span style=\"font-weight: 400;\">Augustis Ranniku matkarada &#8211; Baltic Coastal Trail.\u00a0 Matk Leedu l\u00f5unapiirist Tallinnani.<\/span><\/p>\n<p><span style=\"font-weight: 400;\">P\u00f5hiliselt jala. P\u00e4rnu ja Rigulda vahel rattaga &#8211; 945 km jala ja 290 km rattaga &#8211; 22 p\u00e4eva.<\/span><\/p>\n<p><img decoding=\"async\" class=\"wp-image-882 aligncenter\" src=\"https:\/\/matkaliit.ee\/wp-content\/uploads\/2024\/10\/Markos-Parve-1024x768.jpg\" alt=\"\" width=\"533\" height=\"400\" srcset=\"https:\/\/matkaliit.ee\/wp-content\/uploads\/2024\/10\/Markos-Parve-1024x768.jpg 1024w, https:\/\/matkaliit.ee\/wp-content\/uploads\/2024\/10\/Markos-Parve-300x225.jpg 300w, https:\/\/matkaliit.ee\/wp-content\/uploads\/2024\/10\/Markos-Parve-768x576.jpg 768w, https:\/\/matkaliit.ee\/wp-content\/uploads\/2024\/10\/Markos-Parve-1536x1152.jpg 1536w, https:\/\/matkaliit.ee\/wp-content\/uploads\/2024\/10\/Markos-Parve-16x12.jpg 16w, https:\/\/matkaliit.ee\/wp-content\/uploads\/2024\/10\/Markos-Parve.jpg 2048w\" sizes=\"(max-width: 533px) 100vw, 533px\" \/><\/p>\n<p><b>Liisi Preedin\u00a0<\/b><\/p>\n<p><span style=\"font-weight: 400;\">T\u00f5eline inspiratsioon, kes on p\u00fchendunud matkamisele ja matkajuhtimisele. Osales sel aastal \u00fchismatkal \u00fcmber L\u00e4\u00e4nemere ja l\u00e4bis 2300 km. Liisi on p\u00e4rast seda mitme kuu v\u00e4ltel j\u00e4tkanud ka teema t\u00f5statamist iseseisvalt sotsiaalmeedias ning postitanud hulga materjali, et oma t\u00e4helepanekuid ja teadmisi L\u00e4\u00e4nemere olukorrast edasi anda. Tema p\u00fchendumus matkamist ja loodusteadlikkust populariseerida peaks kindlasti olema esile t\u00f5stetud.<\/span><\/p>\n<p><img decoding=\"async\" class=\"aligncenter wp-image-895\" src=\"https:\/\/matkaliit.ee\/wp-content\/uploads\/2024\/10\/liisi-preedin-2-1024x768.jpg\" alt=\"\" width=\"533\" height=\"400\" srcset=\"https:\/\/matkaliit.ee\/wp-content\/uploads\/2024\/10\/liisi-preedin-2-1024x768.jpg 1024w, https:\/\/matkaliit.ee\/wp-content\/uploads\/2024\/10\/liisi-preedin-2-300x225.jpg 300w, https:\/\/matkaliit.ee\/wp-content\/uploads\/2024\/10\/liisi-preedin-2-768x576.jpg 768w, https:\/\/matkaliit.ee\/wp-content\/uploads\/2024\/10\/liisi-preedin-2-1536x1152.jpg 1536w, https:\/\/matkaliit.ee\/wp-content\/uploads\/2024\/10\/liisi-preedin-2-16x12.jpg 16w, https:\/\/matkaliit.ee\/wp-content\/uploads\/2024\/10\/liisi-preedin-2.jpg 2048w\" sizes=\"(max-width: 533px) 100vw, 533px\" \/><\/p>\n<p>&nbsp;<\/p>\n<p><iframe width=\"420\" height=\"315\"\nsrc=\"https:\/\/www.youtube.com\/embed\/Dn9Jorwl8zg\"><br \/>\n<\/iframe> <\/p>\n<p><a href=\"https:\/\/docs.google.com\/forms\/d\/e\/1FAIpQLSfc812jZH_dgiclqMXxp2H-UcOuddXXn_ed8UWBH5PEIZkO3g\/viewform\" target=\"_blank\" rel=\"noopener\"><span style=\"color: #ff0000;\">H\u00e4\u00e4letada saad SIIN<\/span><\/a><\/p>\n<h2><span style=\"color: #008000;\">Aasta m\u00e4gironija 2024<\/span><\/h2>\n<p><b>Ralf J\u00fcrgenson<\/b><span style=\"font-weight: 400;\">\u00a0<\/span><\/p>\n<p><span style=\"font-weight: 400;\">Olles ainult 18-aastane, k\u00e4is iseseisvalt Alpides m\u00e4gesid ronimas. G\u00fcmnasist Ralf t\u00f5usis j\u00e4rgmiste tehniliste m\u00e4gede tippu: Grossglockner 3798m, Jungfrau 4158m, Lagginhorn 4010m, Dom 4545m, Zinalrothorn 4221m, Nordend 4609m, Matterhorn 4478m. Radade raskused olid PD-AD+ ehk tehniliselt mitte k\u00f5ige lihtsamad. Tippudes k\u00e4is Ralf nii teiste trennikaaslastega Eestist kui ka piirkonnast leitud v\u00e4lismaalastest ronimispartneritega. K\u00f5ikidesse tippudesse t\u00f5usis Ralf ilma giidita, iseseisvalt, kasutades alpinismitrennidest omandatud teadmisi ja oskusi.<\/span><\/p>\n<p><img loading=\"lazy\" decoding=\"async\" class=\"wp-image-861 aligncenter\" src=\"https:\/\/matkaliit.ee\/wp-content\/uploads\/2024\/10\/Ralf.jpg\" alt=\"\" width=\"400\" height=\"533\" srcset=\"https:\/\/matkaliit.ee\/wp-content\/uploads\/2024\/10\/Ralf.jpg 720w, https:\/\/matkaliit.ee\/wp-content\/uploads\/2024\/10\/Ralf-225x300.jpg 225w, https:\/\/matkaliit.ee\/wp-content\/uploads\/2024\/10\/Ralf-9x12.jpg 9w\" sizes=\"(max-width: 400px) 100vw, 400px\" \/><\/p>\n<p><b>Kaspar Eevald<\/b><\/p>\n<p><span style=\"font-weight: 400;\">T\u00e4itis oma suure unistuse ja eesm\u00e4rgi t\u00f5ustes 21. mail 2024, kell 2:44, edukalt Mount Everesti tippu (8848 m). See saavutus tegi temast kaheksanda eestlase, kes on sinna j\u00f5udnud. Ekspeditsiooni korraldas 8K Expeditions ja gruppi kuulusid m\u00e4gironijad erinevatest riikidest.<\/span><\/p>\n<p><img loading=\"lazy\" decoding=\"async\" class=\"wp-image-864 aligncenter\" src=\"https:\/\/matkaliit.ee\/wp-content\/uploads\/2024\/10\/bb81df69-c721-4340-a497-44865cde2818-1024x653.jpg\" alt=\"\" width=\"600\" height=\"383\" srcset=\"https:\/\/matkaliit.ee\/wp-content\/uploads\/2024\/10\/bb81df69-c721-4340-a497-44865cde2818-1024x653.jpg 1024w, https:\/\/matkaliit.ee\/wp-content\/uploads\/2024\/10\/bb81df69-c721-4340-a497-44865cde2818-300x191.jpg 300w, https:\/\/matkaliit.ee\/wp-content\/uploads\/2024\/10\/bb81df69-c721-4340-a497-44865cde2818-768x490.jpg 768w, https:\/\/matkaliit.ee\/wp-content\/uploads\/2024\/10\/bb81df69-c721-4340-a497-44865cde2818-1536x979.jpg 1536w, https:\/\/matkaliit.ee\/wp-content\/uploads\/2024\/10\/bb81df69-c721-4340-a497-44865cde2818-18x12.jpg 18w, https:\/\/matkaliit.ee\/wp-content\/uploads\/2024\/10\/bb81df69-c721-4340-a497-44865cde2818.jpg 1920w\" sizes=\"(max-width: 600px) 100vw, 600px\" \/><\/p>\n<p><b>Fred Viidul <\/b><\/p>\n<p><span style=\"font-weight: 400;\">Oli suvel Pamiiris toimunud ekspeditsiooni grupijuht ning t\u00f5usis selle k\u00e4igus kahele \u00fcle seitsme tuhande meetri k\u00f5rgusele m\u00e4ele &#8211; Somoni (end. Kommunism) ja Ozodi (endine Kor\u017eenevskaja). Fred n\u00e4itas \u00fcles suurep\u00e4rast vormi ja tehnilist ettevalmistust, samuti head suhtlusoskust k\u00f5igiga, kellega kokku puutus.\u00a0<\/span><\/p>\n<p><img loading=\"lazy\" decoding=\"async\" class=\"aligncenter wp-image-880\" src=\"https:\/\/matkaliit.ee\/wp-content\/uploads\/2024\/10\/fred-viidul-981x1024.jpg\" alt=\"\" width=\"400\" height=\"418\" srcset=\"https:\/\/matkaliit.ee\/wp-content\/uploads\/2024\/10\/fred-viidul-981x1024.jpg 981w, https:\/\/matkaliit.ee\/wp-content\/uploads\/2024\/10\/fred-viidul-287x300.jpg 287w, https:\/\/matkaliit.ee\/wp-content\/uploads\/2024\/10\/fred-viidul-768x802.jpg 768w, https:\/\/matkaliit.ee\/wp-content\/uploads\/2024\/10\/fred-viidul-11x12.jpg 11w, https:\/\/matkaliit.ee\/wp-content\/uploads\/2024\/10\/fred-viidul.jpg 1153w\" sizes=\"(max-width: 400px) 100vw, 400px\" \/><\/p>\n<p><b>Ott Tinn<\/b><\/p>\n<p><span style=\"font-weight: 400;\">J\u00f5udis 29. juulil 2024 K2 (k\u00f5rguselt teine maailmas) tippu. Kogu Madison Mountineering 18-liikmeline meeskond, kes lahkus baaslaagrist tippu t\u00f5usmiseks, sinna ka j\u00f5udis. Kuigi hooaeg oli ilmastiku m\u00f5ttes keeruline, oli tipup\u00e4ev ideaalne.<\/span><\/p>\n<p><img loading=\"lazy\" decoding=\"async\" class=\"aligncenter wp-image-886\" src=\"https:\/\/matkaliit.ee\/wp-content\/uploads\/2024\/10\/ott-tinn-1024x1024.jpg\" alt=\"\" width=\"400\" height=\"400\" srcset=\"https:\/\/matkaliit.ee\/wp-content\/uploads\/2024\/10\/ott-tinn-1024x1024.jpg 1024w, https:\/\/matkaliit.ee\/wp-content\/uploads\/2024\/10\/ott-tinn-300x300.jpg 300w, https:\/\/matkaliit.ee\/wp-content\/uploads\/2024\/10\/ott-tinn-150x150.jpg 150w, https:\/\/matkaliit.ee\/wp-content\/uploads\/2024\/10\/ott-tinn-768x768.jpg 768w, https:\/\/matkaliit.ee\/wp-content\/uploads\/2024\/10\/ott-tinn-1536x1536.jpg 1536w, https:\/\/matkaliit.ee\/wp-content\/uploads\/2024\/10\/ott-tinn-2048x2048.jpg 2048w, https:\/\/matkaliit.ee\/wp-content\/uploads\/2024\/10\/ott-tinn-12x12.jpg 12w\" sizes=\"(max-width: 400px) 100vw, 400px\" \/><\/p>\n<p>&nbsp;<\/p>\n<p><iframe width=\"420\" height=\"315\"\nsrc=\"https:\/\/www.youtube.com\/embed\/28XfFt5thSw\"><br \/>\n<\/iframe> <\/p>\n<p><a href=\"https:\/\/docs.google.com\/forms\/d\/e\/1FAIpQLSfc812jZH_dgiclqMXxp2H-UcOuddXXn_ed8UWBH5PEIZkO3g\/viewform\" target=\"_blank\" rel=\"noopener\"><span style=\"color: #ff0000;\">H\u00e4\u00e4letada saad SIIN<\/span><\/a><\/p>\n<h2><span style=\"color: #008000;\">Aasta matk 2024<\/span><\/h2>\n<p><b>Muku matkaklubi H\u00f6ga Kustenil<\/b><\/p>\n<p><span style=\"font-weight: 400;\">Klassikalise seljakotimatka grupis oli 4 matkajat pluss koer.\u00a0 140 &#8211; km, <\/span><span style=\"font-weight: 400;\">25.08 &#8211; 07.09.2024. Rootsi k\u00f5rgmatkarada, mis on raske, aga v\u00e4ga ilus.\u00a0<\/span><\/p>\n<p><img loading=\"lazy\" decoding=\"async\" class=\"wp-image-871 aligncenter\" src=\"https:\/\/matkaliit.ee\/wp-content\/uploads\/2024\/10\/hoga-kusten-1024x576.jpg\" alt=\"\" width=\"600\" height=\"338\" srcset=\"https:\/\/matkaliit.ee\/wp-content\/uploads\/2024\/10\/hoga-kusten-1024x576.jpg 1024w, https:\/\/matkaliit.ee\/wp-content\/uploads\/2024\/10\/hoga-kusten-300x169.jpg 300w, https:\/\/matkaliit.ee\/wp-content\/uploads\/2024\/10\/hoga-kusten-768x432.jpg 768w, https:\/\/matkaliit.ee\/wp-content\/uploads\/2024\/10\/hoga-kusten-1536x864.jpg 1536w, https:\/\/matkaliit.ee\/wp-content\/uploads\/2024\/10\/hoga-kusten-18x10.jpg 18w, https:\/\/matkaliit.ee\/wp-content\/uploads\/2024\/10\/hoga-kusten.jpg 2048w\" sizes=\"(max-width: 600px) 100vw, 600px\" \/><\/p>\n<p><span style=\"font-weight: 400;\">S<\/span><b>uusamatk Polaar-Norras ja -Rootsis<\/b><\/p>\n<p><span style=\"font-weight: 400;\">7 osav\u00f5tjaga suusamatk Junkerdali ja Padjelanta rahvusparkide piirkonnas, kokku 10 p\u00e4eva. K\u00e4imine esmakordselt piirkonnas, kus eestlased varem ei ole k\u00e4inud. Piirkonnas asub Rootsi-Norra piiri k\u00f5ige k\u00f5rgem tipp Norde Saulo, kuhu kahjuks siiski ei \u00f5nnestunud halva ilma t\u00f5ttu t\u00f5usta.<\/span><\/p>\n<p><iframe title=\"Norra suusamatk 2024\" width=\"500\" height=\"281\" src=\"https:\/\/www.youtube.com\/embed\/VSFzlhjQtqo?feature=oembed\" frameborder=\"0\" allow=\"accelerometer; autoplay; clipboard-write; encrypted-media; gyroscope; picture-in-picture; web-share\" referrerpolicy=\"strict-origin-when-cross-origin\" allowfullscreen><\/iframe><\/p>\n<p><b>Trans Kaukaasia<\/b><\/p>\n<p><span style=\"font-weight: 400;\">Iseorganiseeritud matk <\/span><b>Trans Kaukaasial <\/b><span style=\"font-weight: 400;\">Gorist Khustupini. Tegemist on Euroopa metsikuma matkarajaga. Grupis 6 inimest, 8 p\u00e4evaga l\u00e4biti\u00a0 147 km. K\u00f5rgeim punkt, mis matka k\u00e4igus l\u00e4biti, oli\u00a0 3190 m.<\/span><\/p>\n<p><iframe title=\"Legends Trail in Armenia. Wildest hiking trail near Europe.\" width=\"500\" height=\"281\" src=\"https:\/\/www.youtube.com\/embed\/gJGiINdtQuk?feature=oembed\" frameborder=\"0\" allow=\"accelerometer; autoplay; clipboard-write; encrypted-media; gyroscope; picture-in-picture; web-share\" referrerpolicy=\"strict-origin-when-cross-origin\" allowfullscreen><\/iframe><\/p>\n<p>&nbsp;<\/p>\n<p><b>Rattamatk Mekongi deltas Vietnamis<\/b><b>\u00a0<\/b><\/p>\n<p><span style=\"font-weight: 400;\">Matkasid Eduard Pukkonen ja T\u00f5nu Martin.<\/span><span style=\"font-weight: 400;\">\u00a0<\/span><\/p>\n<p><span style=\"font-weight: 400;\">Matk kestis 16 p\u00e4eva (20. m\u00e4rtsist 4. aprillini), kus aktiivseid rattas\u00f5idu p\u00e4evi tuli kokku 10. Kilomeetreid kogunes 830. S\u00f5ideti 66-117 km p\u00e4evas, niiskes ja kuumas kliimas. Teed valdavalt heas korras. 3 matkap\u00e4eva s\u00f5ideti ka Phu Quoci saarel.<\/span><\/p>\n<p><img loading=\"lazy\" decoding=\"async\" class=\"wp-image-872 aligncenter\" src=\"https:\/\/matkaliit.ee\/wp-content\/uploads\/2024\/10\/Vietnam_map-1024x521.jpg\" alt=\"\" width=\"600\" height=\"305\" srcset=\"https:\/\/matkaliit.ee\/wp-content\/uploads\/2024\/10\/Vietnam_map-1024x521.jpg 1024w, https:\/\/matkaliit.ee\/wp-content\/uploads\/2024\/10\/Vietnam_map-300x153.jpg 300w, https:\/\/matkaliit.ee\/wp-content\/uploads\/2024\/10\/Vietnam_map-768x391.jpg 768w, https:\/\/matkaliit.ee\/wp-content\/uploads\/2024\/10\/Vietnam_map-1536x781.jpg 1536w, https:\/\/matkaliit.ee\/wp-content\/uploads\/2024\/10\/Vietnam_map-2048x1042.jpg 2048w, https:\/\/matkaliit.ee\/wp-content\/uploads\/2024\/10\/Vietnam_map-18x9.jpg 18w\" sizes=\"(max-width: 600px) 100vw, 600px\" \/><\/p>\n<p>&nbsp;<\/p>\n<p><iframe width=\"420\" height=\"315\"\nsrc=\"https:\/\/www.youtube.com\/embed\/xqDCLcuLWDQ\"><br \/>\n<\/iframe> <\/p>\n<p><a href=\"https:\/\/docs.google.com\/forms\/d\/e\/1FAIpQLSfc812jZH_dgiclqMXxp2H-UcOuddXXn_ed8UWBH5PEIZkO3g\/viewform\" target=\"_blank\" rel=\"noopener\"><span style=\"color: #ff0000;\">H\u00e4\u00e4letada saad SIIN<\/span><\/a><\/p>\n<p>&nbsp;<\/p>\n<h2><strong><span style=\"color: #008000;\">Aasta matkategelane 2024<\/span><\/strong><\/h2>\n<p><b>Romet Vaino\u00a0<\/b><\/p>\n<p><span style=\"font-weight: 400;\">Loodus on Romet Vaino jaoks s\u00fcgav inspiratsiooniallikas ja lahutamatu osa tema mitmek\u00fclgsest isiksusest.\u00a0 Ta on loodusgiid, vabakutseline kirjanik ja hobifotograaf, kelle jaoks loodus pakub nii eneseavastuse kui\u00a0 isikliku arengu v\u00f5imalusi.\u00a0 L\u00e4bi oma tegevuse r\u00f5hutab ta looduse t\u00e4htsust inimese vaimsele ja emotsionaalsele tervisele.\u00a0 Vaino kutsub \u00fcles teadlikult looduses viibima, et leida sealt \u00fcles inimese ja looduse vaheline s\u00fcgavam side. Sellised t\u00e4helepanekud on t\u00e4nap\u00e4eva loodusest j\u00e4rjest rohkem eemalduvale inimesele v\u00e4ga vajalik \u00e4ratus.<\/span><\/p>\n<p><img loading=\"lazy\" decoding=\"async\" class=\"aligncenter wp-image-877\" src=\"https:\/\/matkaliit.ee\/wp-content\/uploads\/2024\/10\/53186693530_e59c2c2ca8_c.jpg\" alt=\"\" width=\"400\" height=\"602\" srcset=\"https:\/\/matkaliit.ee\/wp-content\/uploads\/2024\/10\/53186693530_e59c2c2ca8_c.jpg 532w, https:\/\/matkaliit.ee\/wp-content\/uploads\/2024\/10\/53186693530_e59c2c2ca8_c-200x300.jpg 200w, https:\/\/matkaliit.ee\/wp-content\/uploads\/2024\/10\/53186693530_e59c2c2ca8_c-8x12.jpg 8w\" sizes=\"(max-width: 400px) 100vw, 400px\" \/><\/p>\n<p><b>Paula Solvak<\/b><span style=\"font-weight: 400;\">\u00a0<\/span><\/p>\n<p><span style=\"font-weight: 400;\">Vaieldamatult \u00fche Eesti piirkonna ehk Karulas ning ka laiemalt L\u00f5una-Eestis matkamise propageerija ning matkade korraldaja ning matkajuht. Korraldades ja l\u00e4bi viies eri liike matku &#8211; jalgsi, SUPlaual ning suuskadel , s\u00f5ltuvalt aasta ajast. Oma matkadel toob alati v\u00e4lja ka piirkonna loodus ja kultuurip\u00e4randi lisaks loodusvaatlusele ning kaasab alati kogu matkaseltskonna \u00fchtseks koosluseks. Arvestab Karula rahvuspargi ja j\u00e4tkusuutliku turismi p\u00f5him\u00f5tteid. Alati varmas olema abiks matkade l\u00e4bi viimisel teistel matkajuhtidel Karula piirkonnas. Tema poolt on ellu kutsutud v\u00e4ga populaarne matk Karula karvane.\u00a0<\/span><\/p>\n<p><img loading=\"lazy\" decoding=\"async\" class=\"wp-image-869 aligncenter\" src=\"https:\/\/matkaliit.ee\/wp-content\/uploads\/2024\/10\/paula-1024x916.jpg\" alt=\"\" width=\"600\" height=\"537\" srcset=\"https:\/\/matkaliit.ee\/wp-content\/uploads\/2024\/10\/paula-1024x916.jpg 1024w, https:\/\/matkaliit.ee\/wp-content\/uploads\/2024\/10\/paula-300x268.jpg 300w, https:\/\/matkaliit.ee\/wp-content\/uploads\/2024\/10\/paula-768x687.jpg 768w, https:\/\/matkaliit.ee\/wp-content\/uploads\/2024\/10\/paula-13x12.jpg 13w, https:\/\/matkaliit.ee\/wp-content\/uploads\/2024\/10\/paula.jpg 1488w\" sizes=\"(max-width: 600px) 100vw, 600px\" \/><\/p>\n<p><b>Martin Suga<\/b><\/p>\n<p><span style=\"font-weight: 400;\">On juba persoonibr\u00e4nd, sest \u00fctle Martin ja k\u00f5ik teavad, et matkamine. V\u00e4ga aktiivne matkamise populariseerija. Sel aastal juba 2000 km jagu matkamas k\u00e4inud. Matkab \u00fcksi, viib gruppe Soome, Rootsi, Portugali, korraldab \u00fchep\u00e4evaseid matku Eestis, k\u00e4ib niisama telkimas ja kutsub lahkelt\u00a0 ka teised huvilised kaasa. Eesti Matkaliidu juhatuse aktiivne liige ja EML uue broneerimiskeskuse eestvedaja.<\/span><\/p>\n<p><img loading=\"lazy\" decoding=\"async\" class=\"wp-image-863 aligncenter\" src=\"https:\/\/matkaliit.ee\/wp-content\/uploads\/2024\/10\/19e9a6f9-e6e7-4e5c-817f-da59a97b3121.jpg\" alt=\"\" width=\"400\" height=\"533\" srcset=\"https:\/\/matkaliit.ee\/wp-content\/uploads\/2024\/10\/19e9a6f9-e6e7-4e5c-817f-da59a97b3121.jpg 720w, https:\/\/matkaliit.ee\/wp-content\/uploads\/2024\/10\/19e9a6f9-e6e7-4e5c-817f-da59a97b3121-225x300.jpg 225w, https:\/\/matkaliit.ee\/wp-content\/uploads\/2024\/10\/19e9a6f9-e6e7-4e5c-817f-da59a97b3121-9x12.jpg 9w\" sizes=\"(max-width: 400px) 100vw, 400px\" \/><\/p>\n<p><b>Meri Heinsalu<\/b><span style=\"font-weight: 400;\">\u00a0<\/span><\/p>\n<p><span style=\"font-weight: 400;\">On teinud erakordset t\u00f6\u00f6d loodusmatkade propageerimisel ja inimeste loodusega \u00fchendamisel. Tema juhitud matkaklubi K(g)epsud k\u00e4ima! on pakkunud mitmekesiseid ja harivaid loodusmatku, mis arendavad osalejate keskkonnateadlikkust ning loovad tugeva kogukonnatunde. Klubi on kaasanud erinevas vanuses inimesi ning aidanud edendada aktiivset ja tervislikku eluviisi. Meri tegevus on olnud suurep\u00e4rane eeskuju ning panustanud Eesti matkakultuuri arengusse.<\/span><\/p>\n<p><span style=\"font-weight: 400;\">Meri on t\u00f5eline matkaentusiast, \u00fches kuus korraldab ta 4-5 matka ja need on osalistele tasuta. On tekkinud tore matkahuviliste seltskond.<\/span><\/p>\n<p><span style=\"font-weight: 400;\">Lisaks k\u00f5igele muule on Meri v\u00e4ga produktiivne v\u00e4rsisepp- luuletusi tuleb nii p\u00e4evapoliitilisi kui matkateemalisi. Kasv\u00f5i matkas\u00f5bra s\u00fcnnip\u00e4evapeo jooksul tellitud ja t\u00e4nuk\u00f5nes esitatuna.<\/span><\/p>\n<p><img loading=\"lazy\" decoding=\"async\" class=\"aligncenter wp-image-884\" src=\"https:\/\/matkaliit.ee\/wp-content\/uploads\/2024\/10\/c107bd18-fd74-496e-8581-4a5e8e48ec09-767x1024.jpg\" alt=\"\" width=\"400\" height=\"534\" srcset=\"https:\/\/matkaliit.ee\/wp-content\/uploads\/2024\/10\/c107bd18-fd74-496e-8581-4a5e8e48ec09-767x1024.jpg 767w, https:\/\/matkaliit.ee\/wp-content\/uploads\/2024\/10\/c107bd18-fd74-496e-8581-4a5e8e48ec09-225x300.jpg 225w, https:\/\/matkaliit.ee\/wp-content\/uploads\/2024\/10\/c107bd18-fd74-496e-8581-4a5e8e48ec09-768x1025.jpg 768w, https:\/\/matkaliit.ee\/wp-content\/uploads\/2024\/10\/c107bd18-fd74-496e-8581-4a5e8e48ec09-9x12.jpg 9w, https:\/\/matkaliit.ee\/wp-content\/uploads\/2024\/10\/c107bd18-fd74-496e-8581-4a5e8e48ec09.jpg 1124w\" sizes=\"(max-width: 400px) 100vw, 400px\" \/><\/p>\n<p><strong>Kaisa Rebane<\/strong><\/p>\n<p><span style=\"font-weight: 400;\">T\u00f5eliselt inspireeriva elulooga eestlane Teravm\u00e4gedel, kelle julgus elada t\u00f5elist p\u00f5hjala matkajuhi elu on ta paljude silmis muutnud Eesti saadikuks Teravm\u00e4gedel ja vastupidi. K\u00f5igil eesti matkajatel kel on sinnakanti asja on ta hindamatuks kontaktiks kelle k\u00e4est uurida suusa, kelgu, koera, saanimatkade, koobaste, ronimise ja \u00fcldiste olude kohta.<\/span><\/p>\n<p><span style=\"font-weight: 400;\">Siiras ja s\u00f5bralik matkajuht ja\u00a0 v\u00e4\u00e4rtuslik matkakaaslane nii siin kui sealpool merd!<\/span><\/p>\n<p><img loading=\"lazy\" decoding=\"async\" class=\"wp-image-899 aligncenter\" src=\"https:\/\/matkaliit.ee\/wp-content\/uploads\/2024\/10\/Kaisa-Rebane-1024x683.jpg\" alt=\"\" width=\"600\" height=\"400\" srcset=\"https:\/\/matkaliit.ee\/wp-content\/uploads\/2024\/10\/Kaisa-Rebane-1024x683.jpg 1024w, https:\/\/matkaliit.ee\/wp-content\/uploads\/2024\/10\/Kaisa-Rebane-300x200.jpg 300w, https:\/\/matkaliit.ee\/wp-content\/uploads\/2024\/10\/Kaisa-Rebane-768x512.jpg 768w, https:\/\/matkaliit.ee\/wp-content\/uploads\/2024\/10\/Kaisa-Rebane-1536x1024.jpg 1536w, https:\/\/matkaliit.ee\/wp-content\/uploads\/2024\/10\/Kaisa-Rebane-18x12.jpg 18w, https:\/\/matkaliit.ee\/wp-content\/uploads\/2024\/10\/Kaisa-Rebane.jpg 2048w\" sizes=\"(max-width: 600px) 100vw, 600px\" \/><\/p>\n<p>&nbsp;<\/p>\n<p><iframe width=\"420\" height=\"315\"\nsrc=\"https:\/\/www.youtube.com\/embed\/zUEIT9v5oPE\"><br \/>\n<\/iframe> <\/p>\n<p><a href=\"https:\/\/docs.google.com\/forms\/d\/e\/1FAIpQLSfc812jZH_dgiclqMXxp2H-UcOuddXXn_ed8UWBH5PEIZkO3g\/viewform\" target=\"_blank\" rel=\"noopener\"><span style=\"color: #ff0000;\">H\u00e4\u00e4letada saad SIIN<\/span><\/a><\/p>\n<h2><span style=\"color: #008000;\"><b>Aasta matkaorganisatsioon 2024<\/b><\/span><\/h2>\n<p><b>Elamus Pluss\u00a0<\/b><\/p>\n<p><span style=\"font-weight: 400;\">Korraldab Eestis ainsana alpinismitrenne nii algajatele ja edasij\u00f5udnutele. Sel aastal avas alpinismitrennid lisaks Tartule ka Tallinnas. Veab matkasarja Kondimootor ja uuena sel aastal seiklusspordisarja Seiklus, mis propageerivad matkamist ja f\u00fc\u00fcsiliste-vaimsete piiride \u00fcletamist. Korraldab alpinistlikke grupireise m\u00e4gedesse, mis annab v\u00f5imaluse ka algajatel alpinismiga tutvust teha. Mitmed Elamus Plussi liikmed ja osanikud on kogenud alpinistid, kes arendavad alpinismi Eestis ja toovad oma vabast tahtest Eestit maailma alpinismikaardile.<\/span><\/p>\n<p><img loading=\"lazy\" decoding=\"async\" class=\"aligncenter wp-image-878\" src=\"https:\/\/matkaliit.ee\/wp-content\/uploads\/2024\/10\/elamusplus-819x1024.jpg\" alt=\"\" width=\"400\" height=\"500\" srcset=\"https:\/\/matkaliit.ee\/wp-content\/uploads\/2024\/10\/elamusplus-819x1024.jpg 819w, https:\/\/matkaliit.ee\/wp-content\/uploads\/2024\/10\/elamusplus-240x300.jpg 240w, https:\/\/matkaliit.ee\/wp-content\/uploads\/2024\/10\/elamusplus-768x960.jpg 768w, https:\/\/matkaliit.ee\/wp-content\/uploads\/2024\/10\/elamusplus-1229x1536.jpg 1229w, https:\/\/matkaliit.ee\/wp-content\/uploads\/2024\/10\/elamusplus-10x12.jpg 10w, https:\/\/matkaliit.ee\/wp-content\/uploads\/2024\/10\/elamusplus.jpg 1440w\" sizes=\"(max-width: 400px) 100vw, 400px\" \/><\/p>\n<p><b>P\u00f5lva Matkaklubi\u00a0<\/b><\/p>\n<p><span style=\"font-weight: 400;\">Aastak\u00fcmneid tegutsenud v\u00e4ike vanakooli klubi toimetab vapralt edasi. Liikmeskond on viimastel aastatel noorenenud. Traditsioonilistele s\u00fcndmustele on lisandunud p\u00fchap\u00e4evamatkad ja lastematkad. Maakonnas hinnatakse matkaklubi toimetusi k\u00f5rgelt. Korraldatavatel matkadel saab matkajate rodus n\u00e4ha k\u00fcmneid liikumiss\u00f5pru kogu Eestist.<\/span><\/p>\n<p><img loading=\"lazy\" decoding=\"async\" class=\"aligncenter wp-image-893\" src=\"https:\/\/matkaliit.ee\/wp-content\/uploads\/2024\/10\/20210625_222624-1024x578.jpg\" alt=\"\" width=\"600\" height=\"338\" srcset=\"https:\/\/matkaliit.ee\/wp-content\/uploads\/2024\/10\/20210625_222624-1024x578.jpg 1024w, https:\/\/matkaliit.ee\/wp-content\/uploads\/2024\/10\/20210625_222624-300x169.jpg 300w, https:\/\/matkaliit.ee\/wp-content\/uploads\/2024\/10\/20210625_222624-768x433.jpg 768w, https:\/\/matkaliit.ee\/wp-content\/uploads\/2024\/10\/20210625_222624-1536x867.jpg 1536w, https:\/\/matkaliit.ee\/wp-content\/uploads\/2024\/10\/20210625_222624-2048x1156.jpg 2048w, https:\/\/matkaliit.ee\/wp-content\/uploads\/2024\/10\/20210625_222624-18x10.jpg 18w\" sizes=\"(max-width: 600px) 100vw, 600px\" \/><\/p>\n<p><b>MT\u00dc Matkakultuur\u00a0<\/b><\/p>\n<p><span style=\"font-weight: 400;\">See nimi ei \u00fctle ehk alguses enamusele midagi, aga Matkafestival on saanud kahe aastaga \u00fcrituseks, mille m\u00e4rgivad matkahuvilised oma kalendritesse juba varakult, et seada \u00f5igel p\u00e4eval sammud Aegviitu! Sel aastal toimus \u00fcritus juba teist korda ning kohal k\u00e4is sadu k\u00fclastajaid. \u00dcritusel toimus kauplemist, t\u00f6\u00f6tube, esinemisi, meelelahutust, n\u00e4idismatkasid ning palju muud huvitavat ja p\u00f5nevat. Nii algaja matkahuviline kui kogenud matkaguru tunnevad Matkafestivalil ennast nagu kalad vees, leiavad endile huvitavat ajaveetmist ning sisustavad oma p\u00e4eva meeldivalt ning kasulikult sarnaste huvidega inimeste seltskonnas. Lisaks kogu matkatemaatikale panustatakse ka Aegviidu kohaliku elu tutvustamisse, mis on kuulutatud ka Eesti matkapealinnaks.<\/span><\/p>\n<p><img loading=\"lazy\" decoding=\"async\" class=\"alignnone size-large wp-image-881\" src=\"https:\/\/matkaliit.ee\/wp-content\/uploads\/2024\/10\/Matkafestival-1024x441.png\" alt=\"\" width=\"1024\" height=\"441\" srcset=\"https:\/\/matkaliit.ee\/wp-content\/uploads\/2024\/10\/Matkafestival-1024x441.png 1024w, https:\/\/matkaliit.ee\/wp-content\/uploads\/2024\/10\/Matkafestival-300x129.png 300w, https:\/\/matkaliit.ee\/wp-content\/uploads\/2024\/10\/Matkafestival-768x331.png 768w, https:\/\/matkaliit.ee\/wp-content\/uploads\/2024\/10\/Matkafestival-18x8.png 18w, https:\/\/matkaliit.ee\/wp-content\/uploads\/2024\/10\/Matkafestival.png 1421w\" sizes=\"(max-width: 1024px) 100vw, 1024px\" \/><\/p>\n<p><b>Andmoments Seiklureisid<\/b><\/p>\n<p><span style=\"font-weight: 400;\">Andmomentsi reisid viivad matkahuvilised paikadesse, kuhu turistid veel j\u00f5udnud pole \u2013 looduse ja kohaliku elu s\u00fcdamesse. Iga reis annab osalejatele v\u00f5imaluse kogeda loodust ja kohalike eluolu nii, nagu see p\u00e4riselt on. Andmoments ei vii vaid ilusate vaadeteni, vaid hoopis s\u00fcgavamale \u2013 kohtadesse, kus saab t\u00f5eliselt tunnetada seda, mis teeb just selle paiga eriliseks ja kuidas sealsed inimesed p\u00e4riselt elavad. Erinevad pakutavad elamused ei j\u00e4ta \u00fchtegi osalejat \u00fcksk\u00f5ikseks. Erilised ja hoitud sihtkohad on midagi, mida ainult Andmoments oskab leida ja jagada.<\/span><\/p>\n<p><img loading=\"lazy\" decoding=\"async\" class=\"wp-image-898 aligncenter\" src=\"https:\/\/matkaliit.ee\/wp-content\/uploads\/2024\/10\/andmoments-1024x576.jpg\" alt=\"\" width=\"600\" height=\"338\" srcset=\"https:\/\/matkaliit.ee\/wp-content\/uploads\/2024\/10\/andmoments-1024x576.jpg 1024w, https:\/\/matkaliit.ee\/wp-content\/uploads\/2024\/10\/andmoments-300x169.jpg 300w, https:\/\/matkaliit.ee\/wp-content\/uploads\/2024\/10\/andmoments-768x432.jpg 768w, https:\/\/matkaliit.ee\/wp-content\/uploads\/2024\/10\/andmoments-1536x864.jpg 1536w, https:\/\/matkaliit.ee\/wp-content\/uploads\/2024\/10\/andmoments-18x10.jpg 18w, https:\/\/matkaliit.ee\/wp-content\/uploads\/2024\/10\/andmoments.jpg 1920w\" sizes=\"(max-width: 600px) 100vw, 600px\" \/><\/p>\n<p>&nbsp;<\/p>\n<p><strong>Elamusretked<\/strong><\/p>\n<p>On elamusmaratone ja elamusretki korraldanud juba 16 aastat. Osav\u00f5tjate arv on aasta-aastalt suurenenud. Sel aastal toimus 5 elamusmaratoni ja 9 elamusretke, millest v\u00f5ttis osa. Kokku on k\u00f5nnitud 67 530 km.<\/p>\n<p>Retkede ja maratonida maastikud ja rajad on v\u00e4ga p\u00f5nevad ja korralduse tase v\u00e4ga k\u00f5rge.<\/p>\n<p><img loading=\"lazy\" decoding=\"async\" class=\"wp-image-889 aligncenter\" src=\"https:\/\/matkaliit.ee\/wp-content\/uploads\/2024\/10\/elamusmaratonid-1024x683.jpg\" alt=\"\" width=\"600\" height=\"400\" srcset=\"https:\/\/matkaliit.ee\/wp-content\/uploads\/2024\/10\/elamusmaratonid-1024x683.jpg 1024w, https:\/\/matkaliit.ee\/wp-content\/uploads\/2024\/10\/elamusmaratonid-300x200.jpg 300w, https:\/\/matkaliit.ee\/wp-content\/uploads\/2024\/10\/elamusmaratonid-768x512.jpg 768w, https:\/\/matkaliit.ee\/wp-content\/uploads\/2024\/10\/elamusmaratonid-1536x1024.jpg 1536w, https:\/\/matkaliit.ee\/wp-content\/uploads\/2024\/10\/elamusmaratonid-18x12.jpg 18w, https:\/\/matkaliit.ee\/wp-content\/uploads\/2024\/10\/elamusmaratonid.jpg 2048w\" sizes=\"(max-width: 600px) 100vw, 600px\" \/><\/p>\n<p>&nbsp;<\/p>\n<p><iframe width=\"420\" height=\"315\"\nsrc=\"https:\/\/www.youtube.com\/embed\/IQeoGuV6zo0\"><br \/>\n<\/iframe> <\/p>\n<p>H\u00e4\u00e4letada saab kuni 14.11.2024<\/p>\n<p><a href=\"https:\/\/docs.google.com\/forms\/d\/e\/1FAIpQLSfc812jZH_dgiclqMXxp2H-UcOuddXXn_ed8UWBH5PEIZkO3g\/viewform\" target=\"_blank\" rel=\"noopener\"><span style=\"color: #ff0000;\">H\u00e4\u00e4letada saab SIIN<\/span><\/a><\/p>","protected":false},"excerpt":{"rendered":"<p>Aasta matkategijate nominendid on teie ees! K\u00f5ikides kategooriates h\u00e4\u00e4li andma ei pea, seega h\u00e4\u00e4letada saab ka ainult oma lemmiku poolt. H\u00e4\u00e4letus on avatud 01.-14.11.2024. Anna oma h\u00e4\u00e4l SIIN &nbsp; Aasta matkaja 2024 Indrek Lukso\u00a0 Indrek on aastaid teinud pikkasid rattamatkasid l\u00e4bi erinevate riikide. Sel aastal s\u00f5itis ta koos s\u00f5braga (Marko Sonn) Eestist Kreekasse ehk Emaj\u00f5e<\/p>\n<div class='read-more-button'><a class='read-more-link' href='https:\/\/matkaliit.ee\/en\/aasta-matkategijate-nominendid-on\/' style='border: 1px solid #3f83bf'>Read more&#8230;<\/a><\/div>","protected":false},"author":1,"featured_media":890,"comment_status":"open","ping_status":"open","sticky":false,"template":"","format":"standard","meta":{"footnotes":""},"categories":[19],"tags":[],"class_list":["post-860","post","type-post","status-publish","format-standard","has-post-thumbnail","hentry","category-aasta-matkategijad"],"yoast_head":"<!-- This site is optimized with the Yoast SEO plugin v27.5 - https:\/\/yoast.com\/product\/yoast-seo-wordpress\/ -->\n<title>Aasta matkategijad 2024 h\u00e4\u00e4letus - Eesti Matkaliit<\/title>\n<meta name=\"robots\" content=\"index, follow, max-snippet:-1, max-image-preview:large, max-video-preview:-1\" \/>\n<link rel=\"canonical\" href=\"https:\/\/matkaliit.ee\/en\/aasta-matkategijate-nominendid-on\/\" \/>\n<meta property=\"og:locale\" content=\"en_GB\" \/>\n<meta property=\"og:type\" content=\"article\" \/>\n<meta property=\"og:title\" content=\"Aasta matkategijad 2024 h\u00e4\u00e4letus - Eesti Matkaliit\" \/>\n<meta property=\"og:description\" content=\"Aasta matkategijate nominendid on teie ees! K\u00f5ikides kategooriates h\u00e4\u00e4li andma ei pea, seega h\u00e4\u00e4letada saab ka ainult oma lemmiku poolt. H\u00e4\u00e4letus on avatud 01.-14.11.2024. Anna oma h\u00e4\u00e4l SIIN &nbsp; Aasta matkaja 2024 Indrek Lukso\u00a0 Indrek on aastaid teinud pikkasid rattamatkasid l\u00e4bi erinevate riikide. Sel aastal s\u00f5itis ta koos s\u00f5braga (Marko Sonn) Eestist Kreekasse ehk Emaj\u00f5eRead more...\" \/>\n<meta property=\"og:url\" content=\"https:\/\/matkaliit.ee\/en\/aasta-matkategijate-nominendid-on\/\" \/>\n<meta property=\"og:site_name\" content=\"Eesti Matkaliit\" \/>\n<meta property=\"article:published_time\" content=\"2024-10-31T21:48:44+00:00\" \/>\n<meta property=\"article:modified_time\" content=\"2024-11-19T10:51:53+00:00\" \/>\n<meta property=\"og:image\" content=\"https:\/\/matkaliit.ee\/wp-content\/uploads\/2024\/10\/Hiking-Trips-Facebook-Post.jpg\" \/>\n\t<meta property=\"og:image:width\" content=\"1175\" \/>\n\t<meta property=\"og:image:height\" content=\"985\" \/>\n\t<meta property=\"og:image:type\" content=\"image\/jpeg\" \/>\n<meta name=\"author\" content=\"Pille\" \/>\n<meta name=\"twitter:card\" content=\"summary_large_image\" \/>\n<meta name=\"twitter:label1\" content=\"Written by\" \/>\n\t<meta name=\"twitter:data1\" content=\"Pille\" \/>\n\t<meta name=\"twitter:label2\" content=\"Estimated reading time\" \/>\n\t<meta name=\"twitter:data2\" content=\"11 minutes\" \/>\n<script type=\"application\/ld+json\" class=\"yoast-schema-graph\">{\"@context\":\"https:\\\/\\\/schema.org\",\"@graph\":[{\"@type\":\"Article\",\"@id\":\"https:\\\/\\\/matkaliit.ee\\\/en\\\/aasta-matkategijate-nominendid-on\\\/#article\",\"isPartOf\":{\"@id\":\"https:\\\/\\\/matkaliit.ee\\\/en\\\/aasta-matkategijate-nominendid-on\\\/\"},\"author\":{\"name\":\"Pille\",\"@id\":\"https:\\\/\\\/matkaliit.ee\\\/#\\\/schema\\\/person\\\/ec3e132f4cc6cb73948866e45a49d00c\"},\"headline\":\"Aasta matkategijad 2024 h\u00e4\u00e4letus\",\"datePublished\":\"2024-10-31T21:48:44+00:00\",\"dateModified\":\"2024-11-19T10:51:53+00:00\",\"mainEntityOfPage\":{\"@id\":\"https:\\\/\\\/matkaliit.ee\\\/en\\\/aasta-matkategijate-nominendid-on\\\/\"},\"wordCount\":1398,\"commentCount\":2,\"publisher\":{\"@id\":\"https:\\\/\\\/matkaliit.ee\\\/#organization\"},\"image\":{\"@id\":\"https:\\\/\\\/matkaliit.ee\\\/en\\\/aasta-matkategijate-nominendid-on\\\/#primaryimage\"},\"thumbnailUrl\":\"https:\\\/\\\/matkaliit.ee\\\/wp-content\\\/uploads\\\/2024\\\/10\\\/Hiking-Trips-Facebook-Post.jpg\",\"articleSection\":[\"Aasta matkategijad\"],\"inLanguage\":\"en-GB\",\"potentialAction\":[{\"@type\":\"CommentAction\",\"name\":\"Comment\",\"target\":[\"https:\\\/\\\/matkaliit.ee\\\/en\\\/aasta-matkategijate-nominendid-on\\\/#respond\"]}]},{\"@type\":\"WebPage\",\"@id\":\"https:\\\/\\\/matkaliit.ee\\\/en\\\/aasta-matkategijate-nominendid-on\\\/\",\"url\":\"https:\\\/\\\/matkaliit.ee\\\/en\\\/aasta-matkategijate-nominendid-on\\\/\",\"name\":\"Aasta matkategijad 2024 h\u00e4\u00e4letus - Eesti Matkaliit\",\"isPartOf\":{\"@id\":\"https:\\\/\\\/matkaliit.ee\\\/#website\"},\"primaryImageOfPage\":{\"@id\":\"https:\\\/\\\/matkaliit.ee\\\/en\\\/aasta-matkategijate-nominendid-on\\\/#primaryimage\"},\"image\":{\"@id\":\"https:\\\/\\\/matkaliit.ee\\\/en\\\/aasta-matkategijate-nominendid-on\\\/#primaryimage\"},\"thumbnailUrl\":\"https:\\\/\\\/matkaliit.ee\\\/wp-content\\\/uploads\\\/2024\\\/10\\\/Hiking-Trips-Facebook-Post.jpg\",\"datePublished\":\"2024-10-31T21:48:44+00:00\",\"dateModified\":\"2024-11-19T10:51:53+00:00\",\"breadcrumb\":{\"@id\":\"https:\\\/\\\/matkaliit.ee\\\/en\\\/aasta-matkategijate-nominendid-on\\\/#breadcrumb\"},\"inLanguage\":\"en-GB\",\"potentialAction\":[{\"@type\":\"ReadAction\",\"target\":[\"https:\\\/\\\/matkaliit.ee\\\/en\\\/aasta-matkategijate-nominendid-on\\\/\"]}]},{\"@type\":\"ImageObject\",\"inLanguage\":\"en-GB\",\"@id\":\"https:\\\/\\\/matkaliit.ee\\\/en\\\/aasta-matkategijate-nominendid-on\\\/#primaryimage\",\"url\":\"https:\\\/\\\/matkaliit.ee\\\/wp-content\\\/uploads\\\/2024\\\/10\\\/Hiking-Trips-Facebook-Post.jpg\",\"contentUrl\":\"https:\\\/\\\/matkaliit.ee\\\/wp-content\\\/uploads\\\/2024\\\/10\\\/Hiking-Trips-Facebook-Post.jpg\",\"width\":1175,\"height\":985},{\"@type\":\"BreadcrumbList\",\"@id\":\"https:\\\/\\\/matkaliit.ee\\\/en\\\/aasta-matkategijate-nominendid-on\\\/#breadcrumb\",\"itemListElement\":[{\"@type\":\"ListItem\",\"position\":1,\"name\":\"Home\",\"item\":\"https:\\\/\\\/matkaliit.ee\\\/\"},{\"@type\":\"ListItem\",\"position\":2,\"name\":\"Aasta matkategijad 2024 h\u00e4\u00e4letus\"}]},{\"@type\":\"WebSite\",\"@id\":\"https:\\\/\\\/matkaliit.ee\\\/#website\",\"url\":\"https:\\\/\\\/matkaliit.ee\\\/\",\"name\":\"Eesti Matkaliit\",\"description\":\"\",\"publisher\":{\"@id\":\"https:\\\/\\\/matkaliit.ee\\\/#organization\"},\"potentialAction\":[{\"@type\":\"SearchAction\",\"target\":{\"@type\":\"EntryPoint\",\"urlTemplate\":\"https:\\\/\\\/matkaliit.ee\\\/?s={search_term_string}\"},\"query-input\":{\"@type\":\"PropertyValueSpecification\",\"valueRequired\":true,\"valueName\":\"search_term_string\"}}],\"inLanguage\":\"en-GB\"},{\"@type\":\"Organization\",\"@id\":\"https:\\\/\\\/matkaliit.ee\\\/#organization\",\"name\":\"Eesti Matkaliit\",\"url\":\"https:\\\/\\\/matkaliit.ee\\\/\",\"logo\":{\"@type\":\"ImageObject\",\"inLanguage\":\"en-GB\",\"@id\":\"https:\\\/\\\/matkaliit.ee\\\/#\\\/schema\\\/logo\\\/image\\\/\",\"url\":\"https:\\\/\\\/matkaliit.ee\\\/wp-content\\\/uploads\\\/2021\\\/04\\\/logo-koodulehele-1.jpg\",\"contentUrl\":\"https:\\\/\\\/matkaliit.ee\\\/wp-content\\\/uploads\\\/2021\\\/04\\\/logo-koodulehele-1.jpg\",\"width\":150,\"height\":137,\"caption\":\"Eesti Matkaliit\"},\"image\":{\"@id\":\"https:\\\/\\\/matkaliit.ee\\\/#\\\/schema\\\/logo\\\/image\\\/\"}},{\"@type\":\"Person\",\"@id\":\"https:\\\/\\\/matkaliit.ee\\\/#\\\/schema\\\/person\\\/ec3e132f4cc6cb73948866e45a49d00c\",\"name\":\"Pille\",\"image\":{\"@type\":\"ImageObject\",\"inLanguage\":\"en-GB\",\"@id\":\"https:\\\/\\\/secure.gravatar.com\\\/avatar\\\/a1f340dc2ebf81f2096a0877d74737095f76c997adcfbbdf7f2e0731bf6c7ca5?s=96&d=mm&r=g\",\"url\":\"https:\\\/\\\/secure.gravatar.com\\\/avatar\\\/a1f340dc2ebf81f2096a0877d74737095f76c997adcfbbdf7f2e0731bf6c7ca5?s=96&d=mm&r=g\",\"contentUrl\":\"https:\\\/\\\/secure.gravatar.com\\\/avatar\\\/a1f340dc2ebf81f2096a0877d74737095f76c997adcfbbdf7f2e0731bf6c7ca5?s=96&d=mm&r=g\",\"caption\":\"Pille\"},\"sameAs\":[\"https:\\\/\\\/matkaliit.ee\"],\"url\":\"https:\\\/\\\/matkaliit.ee\\\/en\\\/author\\\/pille\\\/\"}]}<\/script>\n<!-- \/ Yoast SEO plugin. -->","yoast_head_json":{"title":"Aasta matkategijad 2024 h\u00e4\u00e4letus - Eesti Matkaliit","robots":{"index":"index","follow":"follow","max-snippet":"max-snippet:-1","max-image-preview":"max-image-preview:large","max-video-preview":"max-video-preview:-1"},"canonical":"https:\/\/matkaliit.ee\/en\/aasta-matkategijate-nominendid-on\/","og_locale":"en_GB","og_type":"article","og_title":"Aasta matkategijad 2024 h\u00e4\u00e4letus - Eesti Matkaliit","og_description":"Aasta matkategijate nominendid on teie ees! K\u00f5ikides kategooriates h\u00e4\u00e4li andma ei pea, seega h\u00e4\u00e4letada saab ka ainult oma lemmiku poolt. H\u00e4\u00e4letus on avatud 01.-14.11.2024. Anna oma h\u00e4\u00e4l SIIN &nbsp; Aasta matkaja 2024 Indrek Lukso\u00a0 Indrek on aastaid teinud pikkasid rattamatkasid l\u00e4bi erinevate riikide. Sel aastal s\u00f5itis ta koos s\u00f5braga (Marko Sonn) Eestist Kreekasse ehk Emaj\u00f5eRead more...","og_url":"https:\/\/matkaliit.ee\/en\/aasta-matkategijate-nominendid-on\/","og_site_name":"Eesti Matkaliit","article_published_time":"2024-10-31T21:48:44+00:00","article_modified_time":"2024-11-19T10:51:53+00:00","og_image":[{"width":1175,"height":985,"url":"https:\/\/matkaliit.ee\/wp-content\/uploads\/2024\/10\/Hiking-Trips-Facebook-Post.jpg","type":"image\/jpeg"}],"author":"Pille","twitter_card":"summary_large_image","twitter_misc":{"Written by":"Pille","Estimated reading time":"11 minutes"},"schema":{"@context":"https:\/\/schema.org","@graph":[{"@type":"Article","@id":"https:\/\/matkaliit.ee\/en\/aasta-matkategijate-nominendid-on\/#article","isPartOf":{"@id":"https:\/\/matkaliit.ee\/en\/aasta-matkategijate-nominendid-on\/"},"author":{"name":"Pille","@id":"https:\/\/matkaliit.ee\/#\/schema\/person\/ec3e132f4cc6cb73948866e45a49d00c"},"headline":"Aasta matkategijad 2024 h\u00e4\u00e4letus","datePublished":"2024-10-31T21:48:44+00:00","dateModified":"2024-11-19T10:51:53+00:00","mainEntityOfPage":{"@id":"https:\/\/matkaliit.ee\/en\/aasta-matkategijate-nominendid-on\/"},"wordCount":1398,"commentCount":2,"publisher":{"@id":"https:\/\/matkaliit.ee\/#organization"},"image":{"@id":"https:\/\/matkaliit.ee\/en\/aasta-matkategijate-nominendid-on\/#primaryimage"},"thumbnailUrl":"https:\/\/matkaliit.ee\/wp-content\/uploads\/2024\/10\/Hiking-Trips-Facebook-Post.jpg","articleSection":["Aasta matkategijad"],"inLanguage":"en-GB","potentialAction":[{"@type":"CommentAction","name":"Comment","target":["https:\/\/matkaliit.ee\/en\/aasta-matkategijate-nominendid-on\/#respond"]}]},{"@type":"WebPage","@id":"https:\/\/matkaliit.ee\/en\/aasta-matkategijate-nominendid-on\/","url":"https:\/\/matkaliit.ee\/en\/aasta-matkategijate-nominendid-on\/","name":"Aasta matkategijad 2024 h\u00e4\u00e4letus - Eesti Matkaliit","isPartOf":{"@id":"https:\/\/matkaliit.ee\/#website"},"primaryImageOfPage":{"@id":"https:\/\/matkaliit.ee\/en\/aasta-matkategijate-nominendid-on\/#primaryimage"},"image":{"@id":"https:\/\/matkaliit.ee\/en\/aasta-matkategijate-nominendid-on\/#primaryimage"},"thumbnailUrl":"https:\/\/matkaliit.ee\/wp-content\/uploads\/2024\/10\/Hiking-Trips-Facebook-Post.jpg","datePublished":"2024-10-31T21:48:44+00:00","dateModified":"2024-11-19T10:51:53+00:00","breadcrumb":{"@id":"https:\/\/matkaliit.ee\/en\/aasta-matkategijate-nominendid-on\/#breadcrumb"},"inLanguage":"en-GB","potentialAction":[{"@type":"ReadAction","target":["https:\/\/matkaliit.ee\/en\/aasta-matkategijate-nominendid-on\/"]}]},{"@type":"ImageObject","inLanguage":"en-GB","@id":"https:\/\/matkaliit.ee\/en\/aasta-matkategijate-nominendid-on\/#primaryimage","url":"https:\/\/matkaliit.ee\/wp-content\/uploads\/2024\/10\/Hiking-Trips-Facebook-Post.jpg","contentUrl":"https:\/\/matkaliit.ee\/wp-content\/uploads\/2024\/10\/Hiking-Trips-Facebook-Post.jpg","width":1175,"height":985},{"@type":"BreadcrumbList","@id":"https:\/\/matkaliit.ee\/en\/aasta-matkategijate-nominendid-on\/#breadcrumb","itemListElement":[{"@type":"ListItem","position":1,"name":"Home","item":"https:\/\/matkaliit.ee\/"},{"@type":"ListItem","position":2,"name":"Aasta matkategijad 2024 h\u00e4\u00e4letus"}]},{"@type":"WebSite","@id":"https:\/\/matkaliit.ee\/#website","url":"https:\/\/matkaliit.ee\/","name":"Eesti Matkaliit","description":"","publisher":{"@id":"https:\/\/matkaliit.ee\/#organization"},"potentialAction":[{"@type":"SearchAction","target":{"@type":"EntryPoint","urlTemplate":"https:\/\/matkaliit.ee\/?s={search_term_string}"},"query-input":{"@type":"PropertyValueSpecification","valueRequired":true,"valueName":"search_term_string"}}],"inLanguage":"en-GB"},{"@type":"Organization","@id":"https:\/\/matkaliit.ee\/#organization","name":"Eesti Matkaliit","url":"https:\/\/matkaliit.ee\/","logo":{"@type":"ImageObject","inLanguage":"en-GB","@id":"https:\/\/matkaliit.ee\/#\/schema\/logo\/image\/","url":"https:\/\/matkaliit.ee\/wp-content\/uploads\/2021\/04\/logo-koodulehele-1.jpg","contentUrl":"https:\/\/matkaliit.ee\/wp-content\/uploads\/2021\/04\/logo-koodulehele-1.jpg","width":150,"height":137,"caption":"Eesti Matkaliit"},"image":{"@id":"https:\/\/matkaliit.ee\/#\/schema\/logo\/image\/"}},{"@type":"Person","@id":"https:\/\/matkaliit.ee\/#\/schema\/person\/ec3e132f4cc6cb73948866e45a49d00c","name":"Pille","image":{"@type":"ImageObject","inLanguage":"en-GB","@id":"https:\/\/secure.gravatar.com\/avatar\/a1f340dc2ebf81f2096a0877d74737095f76c997adcfbbdf7f2e0731bf6c7ca5?s=96&d=mm&r=g","url":"https:\/\/secure.gravatar.com\/avatar\/a1f340dc2ebf81f2096a0877d74737095f76c997adcfbbdf7f2e0731bf6c7ca5?s=96&d=mm&r=g","contentUrl":"https:\/\/secure.gravatar.com\/avatar\/a1f340dc2ebf81f2096a0877d74737095f76c997adcfbbdf7f2e0731bf6c7ca5?s=96&d=mm&r=g","caption":"Pille"},"sameAs":["https:\/\/matkaliit.ee"],"url":"https:\/\/matkaliit.ee\/en\/author\/pille\/"}]}},"_links":{"self":[{"href":"https:\/\/matkaliit.ee\/en\/wp-json\/wp\/v2\/posts\/860","targetHints":{"allow":["GET"]}}],"collection":[{"href":"https:\/\/matkaliit.ee\/en\/wp-json\/wp\/v2\/posts"}],"about":[{"href":"https:\/\/matkaliit.ee\/en\/wp-json\/wp\/v2\/types\/post"}],"author":[{"embeddable":true,"href":"https:\/\/matkaliit.ee\/en\/wp-json\/wp\/v2\/users\/1"}],"replies":[{"embeddable":true,"href":"https:\/\/matkaliit.ee\/en\/wp-json\/wp\/v2\/comments?post=860"}],"version-history":[{"count":5,"href":"https:\/\/matkaliit.ee\/en\/wp-json\/wp\/v2\/posts\/860\/revisions"}],"predecessor-version":[{"id":921,"href":"https:\/\/matkaliit.ee\/en\/wp-json\/wp\/v2\/posts\/860\/revisions\/921"}],"wp:featuredmedia":[{"embeddable":true,"href":"https:\/\/matkaliit.ee\/en\/wp-json\/wp\/v2\/media\/890"}],"wp:attachment":[{"href":"https:\/\/matkaliit.ee\/en\/wp-json\/wp\/v2\/media?parent=860"}],"wp:term":[{"taxonomy":"category","embeddable":true,"href":"https:\/\/matkaliit.ee\/en\/wp-json\/wp\/v2\/categories?post=860"},{"taxonomy":"post_tag","embeddable":true,"href":"https:\/\/matkaliit.ee\/en\/wp-json\/wp\/v2\/tags?post=860"}],"curies":[{"name":"wp","href":"https:\/\/api.w.org\/{rel}","templated":true}]}}